{"id":18259,"date":"2023-11-24T18:29:09","date_gmt":"2023-11-24T23:29:09","guid":{"rendered":"https:\/\/www.tuxtla.tecnm.mx\/?p=18259"},"modified":"2023-11-24T18:29:09","modified_gmt":"2023-11-24T23:29:09","slug":"concluye-con-exito-el-enecb-2023","status":"publish","type":"post","link":"https:\/\/www.tuxtla.tecnm.mx\/dcab\/concluye-con-exito-el-enecb-2023\/","title":{"rendered":"Concluye con \u00e9xito el ENECB 2023"},"content":{"rendered":"\n<div class=\"wp-block-image\"><figure class=\"aligncenter size-large is-resized\"><img decoding=\"async\" src=\"https:\/\/www.tuxtla.tecnm.mx\/wp-content\/uploads\/2023\/11\/P_a_mor_1.jpg\" alt=\"\" class=\"wp-image-18253\" width=\"320\" srcset=\"https:\/\/www.tuxtla.tecnm.mx\/dcab\/wp-content\/uploads\/2023\/11\/P_a_mor_1.jpg 520w, https:\/\/www.tuxtla.tecnm.mx\/dcab\/wp-content\/uploads\/2023\/11\/P_a_mor_1-300x173.jpg 300w\" sizes=\"(max-width: 520px) 100vw, 520px\" \/><\/figure><\/div>\n\n\n\n<p class=\"wp-block-paragraph\">Esta ma\u00f1ana se llev\u00f3 a cabo la <strong>Ceremonia de Clausura del Encuentro Nacional Estudiantil de Ciencias B\u00e1sicas en el auditorio Heber Soto Fierro, del Instituto Tecnol\u00f3gico de Morelia<\/strong>, sede de este encuentro en su trig\u00e9sima edici\u00f3n.<\/p>\n\n\n\n<!--more-->\n\n\n\n<p class=\"wp-block-paragraph\">La ceremonia fue presidida por el <strong>Secretario Acad\u00e9mico de Investigaci\u00f3n e Innovaci\u00f3n del Tecnol\u00f3gico Nacional de M\u00e9xico, Gaudencio Lucas Bravo; <\/strong>la directora del plantel, Patricia Calder\u00f3n Campos, y el Director de Docencia e Innovaci\u00f3n, Rafael Portillo Rosales.<\/p>\n\n\n\n<div class=\"wp-block-image\"><figure class=\"aligncenter size-large is-resized\"><img decoding=\"async\" src=\"https:\/\/www.tuxtla.tecnm.mx\/wp-content\/uploads\/2023\/11\/M_MOR.jpg\" alt=\"\" class=\"wp-image-18256\" width=\"580\" srcset=\"https:\/\/www.tuxtla.tecnm.mx\/dcab\/wp-content\/uploads\/2023\/11\/M_MOR.jpg 520w, https:\/\/www.tuxtla.tecnm.mx\/dcab\/wp-content\/uploads\/2023\/11\/M_MOR-300x173.jpg 300w\" sizes=\"(max-width: 520px) 100vw, 520px\" \/><\/figure><\/div>\n\n\n\n<p class=\"wp-block-paragraph\">Luego de que la ma\u00f1ana de ayer se practicara la prueba de evaluaci\u00f3n a los <strong>50 equipos finalistas; 25 de Ciencias B\u00e1sicas y 25 de Econ\u00f3mico Administrativas<\/strong>, en la cual los estudiantes desarrollaron sus habilidades y conocimientos para aplicarlos desde una perspectiva interdisciplinaria en la resoluci\u00f3n de problemas de contexto y casos pr\u00e1cticos, se lleg\u00f3 este d\u00eda a la premiaci\u00f3n de los primeros tres lugares por categor\u00eda.<\/p>\n\n\n\n<p class=\"wp-block-paragraph\">Al t\u00e9rmino de 3 horas que dur\u00f3 la prueba, los jueces llevaron a cabo la revisi\u00f3n de los reactivos en un cub\u00edculo privado, para deliberar qui\u00e9nes ser\u00edan los ganadores. <strong>El bur\u00f3 de jueces se integr\u00f3 por dos grupos; uno por categor\u00eda, con profesores especialistas en cada una de las dos disciplinas.<\/strong> Adicionalmente se integraron 3 profesores de institutos tecnol\u00f3gicos, de los cuales dos fungieron como observadores, dando seguimiento a toda la actividad, llevando una relator\u00eda puntual de todo lo acontecido; as\u00ed como un tercero especialista en auditor\u00edas dentro de la Secretar\u00eda de Educaci\u00f3n, para dar fe de lo acontecido.<\/p>\n\n\n\n<div class=\"wp-block-image\"><figure class=\"aligncenter size-large is-resized\"><img decoding=\"async\" src=\"https:\/\/www.tuxtla.tecnm.mx\/wp-content\/uploads\/2023\/11\/b_mor_2.jpg\" alt=\"\" class=\"wp-image-18255\" width=\"580\" srcset=\"https:\/\/www.tuxtla.tecnm.mx\/dcab\/wp-content\/uploads\/2023\/11\/b_mor_2.jpg 520w, https:\/\/www.tuxtla.tecnm.mx\/dcab\/wp-content\/uploads\/2023\/11\/b_mor_2-300x173.jpg 300w\" sizes=\"(max-width: 520px) 100vw, 520px\" \/><\/figure><\/div>\n\n\n\n<p class=\"wp-block-paragraph\">Para la\nm\u00e1xima certeza de la evaluaci\u00f3n, en esta ocasi\u00f3n se construyeron tres\nreactivos, de los cuales ni los jueces ten\u00edan conocimiento cu\u00e1l ser\u00eda la prueba\nque se aplicar\u00eda.<\/p>\n\n\n\n<p class=\"wp-block-paragraph\">Fue as\u00ed que\nse lleg\u00f3 al momento de la premiaci\u00f3n, empezando con los reconocimientos a los\nmejores promedios en la modalidad individual, siendo la premiaci\u00f3n de la\nsiguiente forma:<\/p>\n\n\n\n<figure class=\"wp-block-table\"><table class=\"\"><tbody><tr><td>\n  Categor\u00eda&nbsp; \n  <\/td><td>\n  Lugar&nbsp; \n  <\/td><td>\n  &nbsp;&nbsp; Estudiante&nbsp;&nbsp; \n  <\/td><td>\n  Tecnol\u00f3gico\n  <\/td><\/tr><tr><td>\n  Ciencias B\u00e1sicas\n  &nbsp;\n  <\/td><td>\n  PRIMERO\n  &nbsp;\n  <\/td><td>\n  Samarraga Pech Leonel Anselmo\n  &nbsp;\n  <\/td><td>\n  M\u00e9rida\n  &nbsp;\n  <\/td><\/tr><tr><td>\n  Ciencias B\u00e1sicas\n  <\/td><td>\n  SEGUNDO\n  <\/td><td>\n  Rodr\u00edguez Mu\u00f1oz Jos\u00e9 Daniel\n  &nbsp;\n  <\/td><td>\n  &nbsp;\n  Nuevo Laredo\n  &nbsp;\n  <\/td><\/tr><tr><td>\n  Ciencias B\u00e1sicas\n  <\/td><td>\n  TERCERO\n  &nbsp;\n  <\/td><td>\n  Guti\u00e9rrez V\u00e1zquez Miguel Rafael Fabricio\n  &nbsp;\n  <\/td><td>\n  Celaya\n  &nbsp;\n  <\/td><\/tr><tr><td>\n  Ciencias Econ\u00f3mico Administrativas\n  <\/td><td>\n  PRIMERO\n  &nbsp;\n  <\/td><td>\n  Mart\u00ednez Mart\u00ednez Fabiola Azucena\n  &nbsp;\n  <\/td><td>\n  Matehuala\n  &nbsp;\n  <\/td><\/tr><tr><td>\n  Ciencias Econ\u00f3mico Administrativas\n  <\/td><td>\n  SEGUNDO\n  <\/td><td>\n  &nbsp;\n  Prieto Torres Ingrid Johana\n  &nbsp;\n  <\/td><td>\n  &nbsp;\n  Minatitl\u00e1n\n  &nbsp;\n  <\/td><\/tr><tr><td>\n  Ciencias Econ\u00f3mico Administrativas\n  <\/td><td>\n  TERCERO\n  <\/td><td>\n  Cordero Aguirre Azucena\n  &nbsp;\n  <\/td><td>\n  Comatl\u00e1n\n  &nbsp;\n  <\/td><\/tr><\/tbody><\/table><\/figure>\n\n\n\n<p class=\"wp-block-paragraph\">La premiaci\u00f3n por equipos de los primeros tres lugares por\ncategor\u00edas corri\u00f3 a cargo del Secretario Acad\u00e9mico, Gaudencio Lucas Bravo,\nsiendo los ganadores:<\/p>\n\n\n\n<div class=\"wp-block-image\"><figure class=\"aligncenter size-large is-resized\"><img decoding=\"async\" src=\"https:\/\/www.tuxtla.tecnm.mx\/wp-content\/uploads\/2023\/11\/WhatsApp-Image-2023-11-24-at-2.43.19-PM-768x1024.jpeg\" alt=\"\" class=\"wp-image-18258\" width=\"580\" srcset=\"https:\/\/www.tuxtla.tecnm.mx\/dcab\/wp-content\/uploads\/2023\/11\/WhatsApp-Image-2023-11-24-at-2.43.19-PM-768x1024.jpeg 768w, https:\/\/www.tuxtla.tecnm.mx\/dcab\/wp-content\/uploads\/2023\/11\/WhatsApp-Image-2023-11-24-at-2.43.19-PM-225x300.jpeg 225w, https:\/\/www.tuxtla.tecnm.mx\/dcab\/wp-content\/uploads\/2023\/11\/WhatsApp-Image-2023-11-24-at-2.43.19-PM.jpeg 960w\" sizes=\"(max-width: 768px) 100vw, 768px\" \/><\/figure><\/div>\n\n\n\n<figure class=\"wp-block-table\"><table class=\"\"><tbody><tr><td>\n  CATEGORIA \n  <\/td><td>\n  LUGAR\n  <\/td><td>\n  TECNOLOGICO\n  <\/td><\/tr><tr><td>\n  Ciencias B\u00e1sicas\n  <\/td><td>\n  PRIMERO\n  <\/td><td>\n  TIJUANA\n  <\/td><\/tr><tr><td>\n  Ciencias B\u00e1sicas\n  <\/td><td>\n  SEGUNDO\n  <\/td><td>\n  NUEVO LAREDO\n  <\/td><\/tr><tr><td>\n  Ciencias B\u00e1sicas\n  <\/td><td>\n  TERCERO\n  <\/td><td>\n  TUXTLA GUTI\u00c9RREZ\n  <\/td><\/tr><tr><td>\n  Ciencias Econ\u00f3mico Administrativas\n  <\/td><td>\n  PRIMERO \n  <\/td><td>\n  ITS TESIUTL\u00c1N\n  <\/td><\/tr><tr><td>\n  Ciencias Econ\u00f3mico Administrativas\n  <\/td><td>\n  SEGUNDO\n  <\/td><td>\n  ISTMO\n  <\/td><\/tr><tr><td>\n  Ciencias Econ\u00f3mico Administrativas\n  <\/td><td>\n  TERCERO\n  <\/td><td>\n  CIUDAD CUAUHT\u00c9MOC\n  <\/td><\/tr><\/tbody><\/table><\/figure>\n\n\n\n<p class=\"wp-block-paragraph\">Posteriormente a la premiaci\u00f3n de los tres primeros lugares por categor\u00eda, los jueces sumaron el puntaje acumulado por cada Instituto en las tres etapas del concurso en ambas categor\u00edas; siendo el <strong>Tecnol\u00f3gico de Morelia el que m\u00e1s puntos acumul\u00f3, haci\u00e9ndose acreedor de esta forma al Galard\u00f3n \u201cIngeniero Jos\u00e9 Antonio Canto Quintal\u201d,<\/strong> creador y fundador de este encuentro, el cual es una escultura denominada <strong>\u201cEl Se\u00f1or de las Barrancas\u201d.<\/strong><\/p>\n\n\n\n<div class=\"wp-block-image\"><figure class=\"aligncenter size-large is-resized\"><img decoding=\"async\" src=\"https:\/\/www.tuxtla.tecnm.mx\/wp-content\/uploads\/2023\/11\/O_MOR.jpg\" alt=\"\" class=\"wp-image-18257\" width=\"580\" srcset=\"https:\/\/www.tuxtla.tecnm.mx\/dcab\/wp-content\/uploads\/2023\/11\/O_MOR.jpg 520w, https:\/\/www.tuxtla.tecnm.mx\/dcab\/wp-content\/uploads\/2023\/11\/O_MOR-300x173.jpg 300w\" sizes=\"(max-width: 520px) 100vw, 520px\" \/><\/figure><\/div>\n\n\n\n<p class=\"wp-block-paragraph\">De esta forma lleg\u00f3 el momento de clausurar el evento, siendo el momento en que Lucas Bravo aprovech\u00f3 para agradecer el esfuerzo que se realiza durante todo un a\u00f1o para llegar a este d\u00eda tan esperado y\u00a0 agradeci\u00f3 por tal motivo a todas las manos y mentes que colaboraron para esta gran celebraci\u00f3n; y siendo las doce horas con treinta y cinco minutos, se declar\u00f3 por clausurado este Encuentro Nacional Estudiantil de Ciencias B\u00e1sicas 2023.<\/p>\n\n\n\n<p class=\"wp-block-paragraph\"> <em><strong>\u201cCiencia y Tecnolog\u00eda con Sentido Humano\u201d<\/strong><\/em><br>Departamento de Comunicaci\u00f3n y Difusi\u00f3n<br>TecNM campus Tuxtla Guti\u00e9rrez <\/p>\n","protected":false},"excerpt":{"rendered":"<p>Esta ma\u00f1ana se llev\u00f3 a cabo la Ceremonia de Clausura del Encuentro Nacional Estudiantil de Ciencias B\u00e1sicas en el auditorio Heber Soto Fierro, del Instituto Tecnol\u00f3gico de Morelia, sede de este encuentro en su trig\u00e9sima edici\u00f3n.<\/p>\n<p><a href=\"https:\/\/www.tuxtla.tecnm.mx\/dcab\/concluye-con-exito-el-enecb-2023\/\"><span class=\"glyphicon glyphicon-arrow-right\"><\/span>&nbsp;Seguir leyendo<\/a><\/p>","protected":false},"author":2,"featured_media":0,"comment_status":"closed","ping_status":"open","sticky":false,"template":"","format":"standard","meta":{"footnotes":""},"categories":[1],"tags":[],"class_list":["post-18259","post","type-post","status-publish","format-standard","hentry","category-sin-categoria"],"_links":{"self":[{"href":"https:\/\/www.tuxtla.tecnm.mx\/dcab\/wp-json\/wp\/v2\/posts\/18259","targetHints":{"allow":["GET"]}}],"collection":[{"href":"https:\/\/www.tuxtla.tecnm.mx\/dcab\/wp-json\/wp\/v2\/posts"}],"about":[{"href":"https:\/\/www.tuxtla.tecnm.mx\/dcab\/wp-json\/wp\/v2\/types\/post"}],"author":[{"embeddable":true,"href":"https:\/\/www.tuxtla.tecnm.mx\/dcab\/wp-json\/wp\/v2\/users\/2"}],"replies":[{"embeddable":true,"href":"https:\/\/www.tuxtla.tecnm.mx\/dcab\/wp-json\/wp\/v2\/comments?post=18259"}],"version-history":[{"count":1,"href":"https:\/\/www.tuxtla.tecnm.mx\/dcab\/wp-json\/wp\/v2\/posts\/18259\/revisions"}],"predecessor-version":[{"id":18260,"href":"https:\/\/www.tuxtla.tecnm.mx\/dcab\/wp-json\/wp\/v2\/posts\/18259\/revisions\/18260"}],"wp:attachment":[{"href":"https:\/\/www.tuxtla.tecnm.mx\/dcab\/wp-json\/wp\/v2\/media?parent=18259"}],"wp:term":[{"taxonomy":"category","embeddable":true,"href":"https:\/\/www.tuxtla.tecnm.mx\/dcab\/wp-json\/wp\/v2\/categories?post=18259"},{"taxonomy":"post_tag","embeddable":true,"href":"https:\/\/www.tuxtla.tecnm.mx\/dcab\/wp-json\/wp\/v2\/tags?post=18259"}],"curies":[{"name":"wp","href":"https:\/\/api.w.org\/{rel}","templated":true}]}}