{"id":18124,"date":"2023-11-15T15:00:00","date_gmt":"2023-11-15T20:00:00","guid":{"rendered":"https:\/\/www.tuxtla.tecnm.mx\/?p=18124"},"modified":"2023-11-17T13:11:21","modified_gmt":"2023-11-17T18:11:21","slug":"tec-tuxtla-se-pone-la-camiseta","status":"publish","type":"post","link":"https:\/\/www.tuxtla.tecnm.mx\/dcab\/tec-tuxtla-se-pone-la-camiseta\/","title":{"rendered":"Tec Tuxtla se pone la Camiseta"},"content":{"rendered":"\n<div class=\"wp-block-image\"><figure class=\"aligncenter size-large is-resized\"><img decoding=\"async\" src=\"https:\/\/www.tuxtla.tecnm.mx\/wp-content\/uploads\/2023\/11\/portada_PonteLaCamiseta-1024x656.jpg\" alt=\"\" class=\"wp-image-18127\" width=\"320\" srcset=\"https:\/\/www.tuxtla.tecnm.mx\/dcab\/wp-content\/uploads\/2023\/11\/portada_PonteLaCamiseta-1024x656.jpg 1024w, https:\/\/www.tuxtla.tecnm.mx\/dcab\/wp-content\/uploads\/2023\/11\/portada_PonteLaCamiseta-300x192.jpg 300w, https:\/\/www.tuxtla.tecnm.mx\/dcab\/wp-content\/uploads\/2023\/11\/portada_PonteLaCamiseta-768x492.jpg 768w, https:\/\/www.tuxtla.tecnm.mx\/dcab\/wp-content\/uploads\/2023\/11\/portada_PonteLaCamiseta.jpg 1091w\" sizes=\"(max-width: 1024px) 100vw, 1024px\" \/><\/figure><\/div>\n\n\n\n<p class=\"wp-block-paragraph\">El <strong>TecNM campus Tuxtla Guti\u00e9rrez<\/strong> a trav\u00e9s de la gesti\u00f3n del <strong>Consejo Estudiantil de la Sociedad de Alumnos 2023 -2025 (CESA)<\/strong>, hizo entrega de playeras a la comunidad estudiantil de 1er semestre con el fin de portar con orgullo la identidad institucional, contando con la participan de estudiantes de nuevo ingreso.<\/p>\n\n\n\n<!--more-->\n\n\n\n<p class=\"wp-block-paragraph\">En el evento <strong>\u201cPonte la Camiseta\u201d<\/strong> que se realiz\u00f3 en la cancha techada del instituto, estuvo presente <strong>Jos\u00e9 Manuel Rosado P\u00e9rez,<\/strong> director del Tec de Tuxtla, quien reconoci\u00f3 que esta iniciativa promueve el compromiso y sentido de pertenencia entre toda la comunidad estudiantil. <\/p>\n\n\n\n<div class=\"wp-block-image\"><figure class=\"aligncenter size-large is-resized\"><img decoding=\"async\" src=\"https:\/\/www.tuxtla.tecnm.mx\/wp-content\/uploads\/2023\/11\/042A3502-1024x682.jpg\" alt=\"\" class=\"wp-image-18131\" width=\"580\" srcset=\"https:\/\/www.tuxtla.tecnm.mx\/dcab\/wp-content\/uploads\/2023\/11\/042A3502-1024x682.jpg 1024w, https:\/\/www.tuxtla.tecnm.mx\/dcab\/wp-content\/uploads\/2023\/11\/042A3502-300x200.jpg 300w, https:\/\/www.tuxtla.tecnm.mx\/dcab\/wp-content\/uploads\/2023\/11\/042A3502-768x512.jpg 768w, https:\/\/www.tuxtla.tecnm.mx\/dcab\/wp-content\/uploads\/2023\/11\/042A3502-1536x1024.jpg 1536w, https:\/\/www.tuxtla.tecnm.mx\/dcab\/wp-content\/uploads\/2023\/11\/042A3502-2048x1365.jpg 2048w\" sizes=\"(max-width: 1024px) 100vw, 1024px\" \/><\/figure><\/div>\n\n\n\n<p class=\"wp-block-paragraph\"><em>\u201cEs una acci\u00f3n muy bonita pues busca que Ustedes inicien el proceso del sentido de pertenencia y compromiso. Sabemos que es un proceso largo que se suma a cada semestre en el cual se tiene como objetivo es formar ingenieros y&nbsp; se sientan parte de esta gran instituci\u00f3n, bienvenidos a los estudiantes de primer semestre y les deseamos que se sumen a m\u00e1s proyectos, agradecemos a Juli\u00e1n por invitarnos a este evento Todos somos TecNM\u201d.<\/em><\/p>\n\n\n\n<div class=\"wp-block-image\"><figure class=\"aligncenter size-large is-resized\"><img decoding=\"async\" src=\"https:\/\/www.tuxtla.tecnm.mx\/wp-content\/uploads\/2023\/11\/042A3497-1024x683.jpg\" alt=\"\" class=\"wp-image-18130\" width=\"580\" srcset=\"https:\/\/www.tuxtla.tecnm.mx\/dcab\/wp-content\/uploads\/2023\/11\/042A3497-1024x683.jpg 1024w, https:\/\/www.tuxtla.tecnm.mx\/dcab\/wp-content\/uploads\/2023\/11\/042A3497-300x200.jpg 300w, https:\/\/www.tuxtla.tecnm.mx\/dcab\/wp-content\/uploads\/2023\/11\/042A3497-768x512.jpg 768w, https:\/\/www.tuxtla.tecnm.mx\/dcab\/wp-content\/uploads\/2023\/11\/042A3497-1536x1024.jpg 1536w, https:\/\/www.tuxtla.tecnm.mx\/dcab\/wp-content\/uploads\/2023\/11\/042A3497-2048x1365.jpg 2048w\" sizes=\"(max-width: 1024px) 100vw, 1024px\" \/><\/figure><\/div>\n\n\n\n<p class=\"wp-block-paragraph\"><strong>Jos\u00e9 Juli\u00e1n Clemente Hern\u00e1ndez, Presidente del Comit\u00e9 Ejecutivo de\nla Sociedad de Alumnos (CESA) del Instituto Tecnol\u00f3gico de Tuxtla Guti\u00e9rrez,<\/strong> agradeci\u00f3 a\nlos directivos por el esfuerzo de hacer posible la entrega de camisetas a los\nnuevos estudiantes del Tecnol\u00f3gico de Tuxtla, una entrega significativa que da\ncomo resultado la motivaci\u00f3n de ellos por pertenecer a uno de los 254\ntecnol\u00f3gicos m\u00e1s importantes del pa\u00eds.<\/p>\n\n\n\n<div class=\"wp-block-image\"><figure class=\"aligncenter size-large is-resized\"><img decoding=\"async\" src=\"https:\/\/www.tuxtla.tecnm.mx\/wp-content\/uploads\/2023\/11\/042A3614-1024x683.jpeg\" alt=\"\" class=\"wp-image-18133\" width=\"580\" srcset=\"https:\/\/www.tuxtla.tecnm.mx\/dcab\/wp-content\/uploads\/2023\/11\/042A3614-1024x683.jpeg 1024w, https:\/\/www.tuxtla.tecnm.mx\/dcab\/wp-content\/uploads\/2023\/11\/042A3614-300x200.jpeg 300w, https:\/\/www.tuxtla.tecnm.mx\/dcab\/wp-content\/uploads\/2023\/11\/042A3614-768x512.jpeg 768w, https:\/\/www.tuxtla.tecnm.mx\/dcab\/wp-content\/uploads\/2023\/11\/042A3614-1536x1024.jpeg 1536w, https:\/\/www.tuxtla.tecnm.mx\/dcab\/wp-content\/uploads\/2023\/11\/042A3614-2048x1365.jpeg 2048w\" sizes=\"(max-width: 1024px) 100vw, 1024px\" \/><\/figure><\/div>\n\n\n\n<p class=\"wp-block-paragraph\"><em>\u201cEste proyecto que se llama Ponte la Camiseta naci\u00f3 para que los j\u00f3venes\napliquen el significado de compromiso e identidad hacia su casa de estudios,\nas\u00ed como el compromiso mutuo entre ambas partes la Identidad, empat\u00eda, sentido\nde pertenencia, compromiso y la plenitud de formar parte de est\u00e1 comunidad\ntecnol\u00f3gica\u201d.<\/em><\/p>\n\n\n\n<p class=\"wp-block-paragraph\">Los Tecnol\u00f3gicos son Instituciones que forman ingenieros que son el futuro de M\u00e9xico, en donde se priorizan a la Educaci\u00f3n y se denota que en la comunidad prevalece la cordialidad y la empat\u00eda entre j\u00f3venes, maestros y directivos.<\/p>\n\n\n\n<p class=\"wp-block-paragraph\">                                                 <br><em><strong>\u201cCiencia y Tecnolog\u00eda con Sentido Humano\u201d<\/strong><\/em><br>Departamento de Comunicaci\u00f3n y Difusi\u00f3n<br>TecNM campus Tuxtla Guti\u00e9rrez<\/p>\n","protected":false},"excerpt":{"rendered":"<p>El TecNM campus Tuxtla Guti\u00e9rrez a trav\u00e9s de la gesti\u00f3n del Consejo Estudiantil de la Sociedad de Alumnos 2023 -2025 (CESA), hizo entrega de playeras a la comunidad estudiantil de 1er semestre con el fin de portar con orgullo la identidad institucional, contando con la participan de estudiantes de nuevo ingreso.<\/p>\n<p><a href=\"https:\/\/www.tuxtla.tecnm.mx\/dcab\/tec-tuxtla-se-pone-la-camiseta\/\"><span class=\"glyphicon glyphicon-arrow-right\"><\/span>&nbsp;Seguir leyendo<\/a><\/p>","protected":false},"author":2,"featured_media":0,"comment_status":"closed","ping_status":"open","sticky":false,"template":"","format":"standard","meta":{"footnotes":""},"categories":[1],"tags":[],"class_list":["post-18124","post","type-post","status-publish","format-standard","hentry","category-sin-categoria"],"_links":{"self":[{"href":"https:\/\/www.tuxtla.tecnm.mx\/dcab\/wp-json\/wp\/v2\/posts\/18124","targetHints":{"allow":["GET"]}}],"collection":[{"href":"https:\/\/www.tuxtla.tecnm.mx\/dcab\/wp-json\/wp\/v2\/posts"}],"about":[{"href":"https:\/\/www.tuxtla.tecnm.mx\/dcab\/wp-json\/wp\/v2\/types\/post"}],"author":[{"embeddable":true,"href":"https:\/\/www.tuxtla.tecnm.mx\/dcab\/wp-json\/wp\/v2\/users\/2"}],"replies":[{"embeddable":true,"href":"https:\/\/www.tuxtla.tecnm.mx\/dcab\/wp-json\/wp\/v2\/comments?post=18124"}],"version-history":[{"count":6,"href":"https:\/\/www.tuxtla.tecnm.mx\/dcab\/wp-json\/wp\/v2\/posts\/18124\/revisions"}],"predecessor-version":[{"id":18154,"href":"https:\/\/www.tuxtla.tecnm.mx\/dcab\/wp-json\/wp\/v2\/posts\/18124\/revisions\/18154"}],"wp:attachment":[{"href":"https:\/\/www.tuxtla.tecnm.mx\/dcab\/wp-json\/wp\/v2\/media?parent=18124"}],"wp:term":[{"taxonomy":"category","embeddable":true,"href":"https:\/\/www.tuxtla.tecnm.mx\/dcab\/wp-json\/wp\/v2\/categories?post=18124"},{"taxonomy":"post_tag","embeddable":true,"href":"https:\/\/www.tuxtla.tecnm.mx\/dcab\/wp-json\/wp\/v2\/tags?post=18124"}],"curies":[{"name":"wp","href":"https:\/\/api.w.org\/{rel}","templated":true}]}}