{"id":17960,"date":"2023-10-20T17:58:45","date_gmt":"2023-10-20T22:58:45","guid":{"rendered":"https:\/\/www.tuxtla.tecnm.mx\/?p=17960"},"modified":"2023-10-23T18:58:51","modified_gmt":"2023-10-23T23:58:51","slug":"tec-tuxtla-firma-convenio-con-coparmex","status":"publish","type":"post","link":"https:\/\/www.tuxtla.tecnm.mx\/dcab\/tec-tuxtla-firma-convenio-con-coparmex\/","title":{"rendered":"Tec Tuxtla firma convenio con COPARMEX"},"content":{"rendered":"\n<div class=\"wp-block-image\"><figure class=\"aligncenter size-large is-resized\"><img decoding=\"async\" src=\"https:\/\/www.tuxtla.tecnm.mx\/wp-content\/uploads\/2023\/10\/WhatsApp-Image-2023-10-20-at-4.55.37-PM.jpeg\" alt=\"\" class=\"wp-image-17959\" width=\"320\" srcset=\"https:\/\/www.tuxtla.tecnm.mx\/dcab\/wp-content\/uploads\/2023\/10\/WhatsApp-Image-2023-10-20-at-4.55.37-PM.jpeg 1009w, https:\/\/www.tuxtla.tecnm.mx\/dcab\/wp-content\/uploads\/2023\/10\/WhatsApp-Image-2023-10-20-at-4.55.37-PM-300x200.jpeg 300w, https:\/\/www.tuxtla.tecnm.mx\/dcab\/wp-content\/uploads\/2023\/10\/WhatsApp-Image-2023-10-20-at-4.55.37-PM-768x511.jpeg 768w\" sizes=\"(max-width: 1009px) 100vw, 1009px\" \/><\/figure><\/div>\n\n\n\n<p class=\"wp-block-paragraph\">Con la finalidad de desarrollar una comisi\u00f3n s\u00f3lida de empresarios j\u00f3venes que contribuyan a la generaci\u00f3n de sinergia entre empresarios para ofrecer distintas herramientas a su crecimiento a trav\u00e9s de actividades que propicien su proyecci\u00f3n local y nacional, se llev\u00f3 a cabo la firma de convenio entre el T<strong>ecnol\u00f3gico Nacional de M\u00e9xico campus Tuxtla Guti\u00e9rrez y la Confederaci\u00f3n Patronal de la Rep\u00fablica Mexicana (COPARMEX).<\/strong><\/p>\n\n\n\n<!--more-->\n\n\n\n<p class=\"wp-block-paragraph\">Jos\u00e9 Manuel Rosado P\u00e9rez, director de Tecnol\u00f3gico Nacional\nde M\u00e9xico campus Tuxtla Guti\u00e9rrez, agradeci\u00f3 la oportunidad de ser parte de las\nestrategias que fomentan las oportunidades de los estudiantes para ser l\u00edderes\nempresariales y que mejor que iniciar desde la universidad.<\/p>\n\n\n\n<div class=\"wp-block-image\"><figure class=\"aligncenter size-large is-resized\"><img decoding=\"async\" src=\"https:\/\/www.tuxtla.tecnm.mx\/wp-content\/uploads\/2023\/10\/WhatsApp-Image-2023-10-20-at-4.45.19-PM-2-1024x682.jpeg\" alt=\"\" class=\"wp-image-17956\" width=\"580\" srcset=\"https:\/\/www.tuxtla.tecnm.mx\/dcab\/wp-content\/uploads\/2023\/10\/WhatsApp-Image-2023-10-20-at-4.45.19-PM-2-1024x682.jpeg 1024w, https:\/\/www.tuxtla.tecnm.mx\/dcab\/wp-content\/uploads\/2023\/10\/WhatsApp-Image-2023-10-20-at-4.45.19-PM-2-300x200.jpeg 300w, https:\/\/www.tuxtla.tecnm.mx\/dcab\/wp-content\/uploads\/2023\/10\/WhatsApp-Image-2023-10-20-at-4.45.19-PM-2-768x512.jpeg 768w, https:\/\/www.tuxtla.tecnm.mx\/dcab\/wp-content\/uploads\/2023\/10\/WhatsApp-Image-2023-10-20-at-4.45.19-PM-2-1536x1023.jpeg 1536w, https:\/\/www.tuxtla.tecnm.mx\/dcab\/wp-content\/uploads\/2023\/10\/WhatsApp-Image-2023-10-20-at-4.45.19-PM-2.jpeg 1600w\" sizes=\"(max-width: 1024px) 100vw, 1024px\" \/><\/figure><\/div>\n\n\n\n<p class=\"wp-block-paragraph\">\u201cMe es grato felicitarlos, son un equipo joven y eso es lo que necesita nuestro estado trabajar con la juventud de Chiapas, qu\u00e9 bueno que estas iniciativas se celebran y m\u00e1s a\u00fan agradezco a nombre de la comunidad tecnol\u00f3gica por la oportunidad de participar, con esto remarcamos nuestro compromiso con el desarrollo empresarial y la formaci\u00f3n de j\u00f3venes l\u00edderes de Chiapas\u201d.<\/p>\n\n\n\n<p class=\"wp-block-paragraph\">Por su parte, Teresa Lorena Dom\u00ednguez Alatorre, Presidenta\nEstatal de COPARMEX, remarc\u00f3 que esta confederaci\u00f3n tiene como prioridad\nbrindar espacios para los j\u00f3venes y en este caso para los estudiantes\nuniversitarios que tienen esp\u00edritu emprendedor para alentarlos a continuar por\nese camino.<\/p>\n\n\n\n<div class=\"wp-block-image\"><figure class=\"aligncenter size-large is-resized\"><img decoding=\"async\" src=\"https:\/\/www.tuxtla.tecnm.mx\/wp-content\/uploads\/2023\/10\/WhatsApp-Image-2023-10-20-at-4.45.19-PM-1024x682.jpeg\" alt=\"\" class=\"wp-image-17958\" width=\"580\" srcset=\"https:\/\/www.tuxtla.tecnm.mx\/dcab\/wp-content\/uploads\/2023\/10\/WhatsApp-Image-2023-10-20-at-4.45.19-PM-1024x682.jpeg 1024w, https:\/\/www.tuxtla.tecnm.mx\/dcab\/wp-content\/uploads\/2023\/10\/WhatsApp-Image-2023-10-20-at-4.45.19-PM-300x200.jpeg 300w, https:\/\/www.tuxtla.tecnm.mx\/dcab\/wp-content\/uploads\/2023\/10\/WhatsApp-Image-2023-10-20-at-4.45.19-PM-768x512.jpeg 768w, https:\/\/www.tuxtla.tecnm.mx\/dcab\/wp-content\/uploads\/2023\/10\/WhatsApp-Image-2023-10-20-at-4.45.19-PM-1536x1023.jpeg 1536w, https:\/\/www.tuxtla.tecnm.mx\/dcab\/wp-content\/uploads\/2023\/10\/WhatsApp-Image-2023-10-20-at-4.45.19-PM.jpeg 1600w\" sizes=\"(max-width: 1024px) 100vw, 1024px\" \/><\/figure><\/div>\n\n\n\n<p class=\"wp-block-paragraph\">\u201cEstamos convencidos de que la mejor manera de poder hacer\nempresa es haci\u00e9ndola, ahora en las universidades existe ese v\u00ednculo para la\nformaci\u00f3n de negocios y academia pero los valores y pr\u00e1cticas empresariales la\ndebe tener toda carrera, impulsar el emprendimiento en las universidades se ha\ntrabajado desde hace a\u00f1os pero la clave en la COPARMEX es acercarse a quienes\nhacen empresa. Nuestra filosof\u00eda es trabajar juntos todas las generaciones y no\ncrear brechas distantes\u201d.<\/p>\n\n\n\n<div class=\"wp-block-image\"><figure class=\"aligncenter size-large is-resized\"><img decoding=\"async\" src=\"https:\/\/www.tuxtla.tecnm.mx\/wp-content\/uploads\/2023\/10\/WhatsApp-Image-2023-10-20-at-4.45.19-PM-3-1024x682.jpeg\" alt=\"\" class=\"wp-image-17955\" width=\"580\" srcset=\"https:\/\/www.tuxtla.tecnm.mx\/dcab\/wp-content\/uploads\/2023\/10\/WhatsApp-Image-2023-10-20-at-4.45.19-PM-3-1024x682.jpeg 1024w, https:\/\/www.tuxtla.tecnm.mx\/dcab\/wp-content\/uploads\/2023\/10\/WhatsApp-Image-2023-10-20-at-4.45.19-PM-3-300x200.jpeg 300w, https:\/\/www.tuxtla.tecnm.mx\/dcab\/wp-content\/uploads\/2023\/10\/WhatsApp-Image-2023-10-20-at-4.45.19-PM-3-768x512.jpeg 768w, https:\/\/www.tuxtla.tecnm.mx\/dcab\/wp-content\/uploads\/2023\/10\/WhatsApp-Image-2023-10-20-at-4.45.19-PM-3-1536x1023.jpeg 1536w, https:\/\/www.tuxtla.tecnm.mx\/dcab\/wp-content\/uploads\/2023\/10\/WhatsApp-Image-2023-10-20-at-4.45.19-PM-3.jpeg 1600w\" sizes=\"(max-width: 1024px) 100vw, 1024px\" \/><\/figure><\/div>\n\n\n\n<p class=\"wp-block-paragraph\">Posterior a los mensajes, se dio paso a la firma de Convenio\nde colaboraci\u00f3n entre el campus Tuxtla Guti\u00e9rrez, representado por Jos\u00e9 Manuel\nRosado P\u00e9rez, y&nbsp; COPARMEX representada\npor Teresa Lorena Dom\u00ednguez Alatorre,&nbsp;\nPresidenta Estatal y Alejandro Camas Hern\u00e1ndez, Presidente de la\nComisi\u00f3n de Empresarios J\u00f3venes.<\/p>\n\n\n\n<div class=\"wp-block-image\"><figure class=\"aligncenter size-large is-resized\"><img decoding=\"async\" src=\"https:\/\/www.tuxtla.tecnm.mx\/wp-content\/uploads\/2023\/10\/WhatsApp-Image-2023-10-20-at-4.45.19-PM-4-1024x682.jpeg\" alt=\"\" class=\"wp-image-17954\" width=\"580\" srcset=\"https:\/\/www.tuxtla.tecnm.mx\/dcab\/wp-content\/uploads\/2023\/10\/WhatsApp-Image-2023-10-20-at-4.45.19-PM-4-1024x682.jpeg 1024w, https:\/\/www.tuxtla.tecnm.mx\/dcab\/wp-content\/uploads\/2023\/10\/WhatsApp-Image-2023-10-20-at-4.45.19-PM-4-300x200.jpeg 300w, https:\/\/www.tuxtla.tecnm.mx\/dcab\/wp-content\/uploads\/2023\/10\/WhatsApp-Image-2023-10-20-at-4.45.19-PM-4-768x512.jpeg 768w, https:\/\/www.tuxtla.tecnm.mx\/dcab\/wp-content\/uploads\/2023\/10\/WhatsApp-Image-2023-10-20-at-4.45.19-PM-4-1536x1023.jpeg 1536w, https:\/\/www.tuxtla.tecnm.mx\/dcab\/wp-content\/uploads\/2023\/10\/WhatsApp-Image-2023-10-20-at-4.45.19-PM-4.jpeg 1600w\" sizes=\"(max-width: 1024px) 100vw, 1024px\" \/><\/figure><\/div>\n\n\n\n<p class=\"wp-block-paragraph\">Cabe destacar que la misi\u00f3n de COPARMEX es formar futuros l\u00edderes empresariales en grupos universitarios con una visi\u00f3n de principios y valores, comprometidos con la responsabilidad social sentido humano y la inclusi\u00f3n en M\u00e9xico.<\/p>\n\n\n\n<p class=\"wp-block-paragraph\"> <em><strong>\u201cCiencia y Tecnolog\u00eda con Sentido Humano\u201d<\/strong><\/em><br>Departamento de Comunicaci\u00f3n y Difusi\u00f3n<br>TecNM campus Tuxtla Guti\u00e9rrez <\/p>\n","protected":false},"excerpt":{"rendered":"<p>Con la finalidad de desarrollar una comisi\u00f3n s\u00f3lida de empresarios j\u00f3venes que contribuyan a la generaci\u00f3n de sinergia entre empresarios para ofrecer distintas herramientas a su crecimiento a trav\u00e9s de actividades que propicien su proyecci\u00f3n local y nacional, se llev\u00f3 a cabo la firma de convenio entre el Tecnol\u00f3gico Nacional de M\u00e9xico campus Tuxtla Guti\u00e9rrez&#8230;<\/p>\n<p><a href=\"https:\/\/www.tuxtla.tecnm.mx\/dcab\/tec-tuxtla-firma-convenio-con-coparmex\/\"><span class=\"glyphicon glyphicon-arrow-right\"><\/span>&nbsp;Seguir leyendo<\/a><\/p>","protected":false},"author":2,"featured_media":0,"comment_status":"closed","ping_status":"open","sticky":false,"template":"","format":"standard","meta":{"footnotes":""},"categories":[1],"tags":[],"class_list":["post-17960","post","type-post","status-publish","format-standard","hentry","category-sin-categoria"],"_links":{"self":[{"href":"https:\/\/www.tuxtla.tecnm.mx\/dcab\/wp-json\/wp\/v2\/posts\/17960","targetHints":{"allow":["GET"]}}],"collection":[{"href":"https:\/\/www.tuxtla.tecnm.mx\/dcab\/wp-json\/wp\/v2\/posts"}],"about":[{"href":"https:\/\/www.tuxtla.tecnm.mx\/dcab\/wp-json\/wp\/v2\/types\/post"}],"author":[{"embeddable":true,"href":"https:\/\/www.tuxtla.tecnm.mx\/dcab\/wp-json\/wp\/v2\/users\/2"}],"replies":[{"embeddable":true,"href":"https:\/\/www.tuxtla.tecnm.mx\/dcab\/wp-json\/wp\/v2\/comments?post=17960"}],"version-history":[{"count":2,"href":"https:\/\/www.tuxtla.tecnm.mx\/dcab\/wp-json\/wp\/v2\/posts\/17960\/revisions"}],"predecessor-version":[{"id":17962,"href":"https:\/\/www.tuxtla.tecnm.mx\/dcab\/wp-json\/wp\/v2\/posts\/17960\/revisions\/17962"}],"wp:attachment":[{"href":"https:\/\/www.tuxtla.tecnm.mx\/dcab\/wp-json\/wp\/v2\/media?parent=17960"}],"wp:term":[{"taxonomy":"category","embeddable":true,"href":"https:\/\/www.tuxtla.tecnm.mx\/dcab\/wp-json\/wp\/v2\/categories?post=17960"},{"taxonomy":"post_tag","embeddable":true,"href":"https:\/\/www.tuxtla.tecnm.mx\/dcab\/wp-json\/wp\/v2\/tags?post=17960"}],"curies":[{"name":"wp","href":"https:\/\/api.w.org\/{rel}","templated":true}]}}