{"id":17799,"date":"2023-09-28T22:53:23","date_gmt":"2023-09-29T03:53:23","guid":{"rendered":"https:\/\/www.tuxtla.tecnm.mx\/?p=17799"},"modified":"2023-09-28T22:53:23","modified_gmt":"2023-09-29T03:53:23","slug":"autoridades-del-tecnm-clausuran-hackatecnm","status":"publish","type":"post","link":"https:\/\/www.tuxtla.tecnm.mx\/dcab\/autoridades-del-tecnm-clausuran-hackatecnm\/","title":{"rendered":"Autoridades del TecNM Clausuran HackaTecNM"},"content":{"rendered":"\n<div class=\"wp-block-image\"><figure class=\"aligncenter size-large is-resized\"><img decoding=\"async\" src=\"https:\/\/www.tuxtla.tecnm.mx\/wp-content\/uploads\/2023\/09\/WhatsApp-Image-2023-09-28-at-9.49.25-PM-1024x656.jpeg\" alt=\"\" class=\"wp-image-17798\" width=\"320\" srcset=\"https:\/\/www.tuxtla.tecnm.mx\/dcab\/wp-content\/uploads\/2023\/09\/WhatsApp-Image-2023-09-28-at-9.49.25-PM-1024x656.jpeg 1024w, https:\/\/www.tuxtla.tecnm.mx\/dcab\/wp-content\/uploads\/2023\/09\/WhatsApp-Image-2023-09-28-at-9.49.25-PM-300x192.jpeg 300w, https:\/\/www.tuxtla.tecnm.mx\/dcab\/wp-content\/uploads\/2023\/09\/WhatsApp-Image-2023-09-28-at-9.49.25-PM-768x492.jpeg 768w, https:\/\/www.tuxtla.tecnm.mx\/dcab\/wp-content\/uploads\/2023\/09\/WhatsApp-Image-2023-09-28-at-9.49.25-PM.jpeg 1091w\" sizes=\"(max-width: 1024px) 100vw, 1024px\" \/><\/figure><\/div>\n\n\n\n<p class=\"wp-block-paragraph\">En el marco de la <strong>Cumbre\nNacional de Desarrollo Tecnol\u00f3gico, Investigaci\u00f3n e Innovaci\u00f3n 2023\n(InnovaTecNM) <\/strong>en su etapa regional, la tarde de este jueves 28 de\nseptiembre se llev\u00f3 a cabo el <strong>cierre del\nHackaTecNM<\/strong> en donde <strong>participaron 14\nequipos integrados por 70 estudiantes<\/strong> que trabajaron de manera colaborativa\npara desarrollar soluciones innovadoras a problem\u00e1ticas definidas por empresas\ndel sector p\u00fablico y privado.<\/p>\n\n\n\n<!--more-->\n\n\n\n<p class=\"wp-block-paragraph\"><strong>Oscar Raziel Chagolla\nAguilar, responsable del InnovaTecNM de la Direcci\u00f3n de Vinculaci\u00f3n e\nIntercambio Acad\u00e9mico del TecNM,<\/strong> reconoci\u00f3 a los estudiantes que durante 36\nhoras continuas desarrollaron y propusieron soluciones a problem\u00e1ticas\ndefinidas por empresas p\u00fablicas y privadas, aplicando tecnolog\u00edas de\nvanguardia.<\/p>\n\n\n\n<div class=\"wp-block-image\"><figure class=\"aligncenter size-large is-resized\"><img decoding=\"async\" src=\"https:\/\/www.tuxtla.tecnm.mx\/wp-content\/uploads\/2023\/09\/WhatsApp-Image-2023-09-28-at-9.44.43-PM-1024x682.jpeg\" alt=\"\" class=\"wp-image-17797\" width=\"580\" srcset=\"https:\/\/www.tuxtla.tecnm.mx\/dcab\/wp-content\/uploads\/2023\/09\/WhatsApp-Image-2023-09-28-at-9.44.43-PM-1024x682.jpeg 1024w, https:\/\/www.tuxtla.tecnm.mx\/dcab\/wp-content\/uploads\/2023\/09\/WhatsApp-Image-2023-09-28-at-9.44.43-PM-300x200.jpeg 300w, https:\/\/www.tuxtla.tecnm.mx\/dcab\/wp-content\/uploads\/2023\/09\/WhatsApp-Image-2023-09-28-at-9.44.43-PM-768x512.jpeg 768w, https:\/\/www.tuxtla.tecnm.mx\/dcab\/wp-content\/uploads\/2023\/09\/WhatsApp-Image-2023-09-28-at-9.44.43-PM-1536x1023.jpeg 1536w, https:\/\/www.tuxtla.tecnm.mx\/dcab\/wp-content\/uploads\/2023\/09\/WhatsApp-Image-2023-09-28-at-9.44.43-PM.jpeg 1600w\" sizes=\"(max-width: 1024px) 100vw, 1024px\" \/><\/figure><\/div>\n\n\n\n<p class=\"wp-block-paragraph\"><em>\u201cEsto es el activo m\u00e1s\nimportante de nuestro Tecnol\u00f3gico Nacional de M\u00e9xico de nuestro subsistema de\neducaci\u00f3n superior las mentes brillantes que est\u00e1n aqu\u00ed en este d\u00eda, se respira\nese aire de inteligencia de capacidad y talento de muchas habilidades, todas\nlas propuestas que han desarrollado no los dejen ac\u00e1, contin\u00faen con sus\nproyectos.\u201d<\/em><\/p>\n\n\n\n<p class=\"wp-block-paragraph\"><strong>Jos\u00e9 Manuel Rosado\nP\u00e9rez, director del Tecnol\u00f3gico Nacional de M\u00e9xico campus Tuxtla<\/strong>, felicit\u00f3\na los estudiantes que participaron en el <strong>HackTecNM\n<\/strong>en la b\u00fasqueda de una propuesta innovadora as\u00ed como a la participaci\u00f3n del\njurado interno y externo y al equipo de log\u00edstica de este gran instituto. <\/p>\n\n\n\n<div class=\"wp-block-image\"><figure class=\"aligncenter size-large is-resized\"><img decoding=\"async\" src=\"https:\/\/www.tuxtla.tecnm.mx\/wp-content\/uploads\/2023\/09\/WhatsApp-Image-2023-09-28-at-9.44.43-PM-1-1024x682.jpeg\" alt=\"\" class=\"wp-image-17796\" width=\"580\" srcset=\"https:\/\/www.tuxtla.tecnm.mx\/dcab\/wp-content\/uploads\/2023\/09\/WhatsApp-Image-2023-09-28-at-9.44.43-PM-1-1024x682.jpeg 1024w, https:\/\/www.tuxtla.tecnm.mx\/dcab\/wp-content\/uploads\/2023\/09\/WhatsApp-Image-2023-09-28-at-9.44.43-PM-1-300x200.jpeg 300w, https:\/\/www.tuxtla.tecnm.mx\/dcab\/wp-content\/uploads\/2023\/09\/WhatsApp-Image-2023-09-28-at-9.44.43-PM-1-768x512.jpeg 768w, https:\/\/www.tuxtla.tecnm.mx\/dcab\/wp-content\/uploads\/2023\/09\/WhatsApp-Image-2023-09-28-at-9.44.43-PM-1-1536x1023.jpeg 1536w, https:\/\/www.tuxtla.tecnm.mx\/dcab\/wp-content\/uploads\/2023\/09\/WhatsApp-Image-2023-09-28-at-9.44.43-PM-1.jpeg 1600w\" sizes=\"(max-width: 1024px) 100vw, 1024px\" \/><\/figure><\/div>\n\n\n\n<p class=\"wp-block-paragraph\"><em>\u201cEl Tecnol\u00f3gico\nNacional de M\u00e9xico es una de las instituciones m\u00e1s grandes a nivel\nLatinoam\u00e9rica y eso se ve reflejado no solo en el n\u00famero sino tambi\u00e9n en la\ncapacidad de nuestros estudiantes que con cada evento dan muestra de su\nfortaleza que les da sus institutos, adem\u00e1s se cumplio con los requerimientos\nespecificos que marcaba el lineamiento para este evento.\u201d<\/em><\/p>\n\n\n\n<div class=\"wp-block-image\"><figure class=\"aligncenter size-large is-resized\"><img decoding=\"async\" src=\"https:\/\/www.tuxtla.tecnm.mx\/wp-content\/uploads\/2023\/09\/WhatsApp-Image-2023-09-28-at-9.44.43-PM-2-1024x682.jpeg\" alt=\"\" class=\"wp-image-17795\" width=\"580\" srcset=\"https:\/\/www.tuxtla.tecnm.mx\/dcab\/wp-content\/uploads\/2023\/09\/WhatsApp-Image-2023-09-28-at-9.44.43-PM-2-1024x682.jpeg 1024w, https:\/\/www.tuxtla.tecnm.mx\/dcab\/wp-content\/uploads\/2023\/09\/WhatsApp-Image-2023-09-28-at-9.44.43-PM-2-300x200.jpeg 300w, https:\/\/www.tuxtla.tecnm.mx\/dcab\/wp-content\/uploads\/2023\/09\/WhatsApp-Image-2023-09-28-at-9.44.43-PM-2-768x512.jpeg 768w, https:\/\/www.tuxtla.tecnm.mx\/dcab\/wp-content\/uploads\/2023\/09\/WhatsApp-Image-2023-09-28-at-9.44.43-PM-2-1536x1023.jpeg 1536w, https:\/\/www.tuxtla.tecnm.mx\/dcab\/wp-content\/uploads\/2023\/09\/WhatsApp-Image-2023-09-28-at-9.44.43-PM-2.jpeg 1600w\" sizes=\"(max-width: 1024px) 100vw, 1024px\" \/><\/figure><\/div>\n\n\n\n<p class=\"wp-block-paragraph\">Posterior\na los mensajes de cierre se hizo entrega de reconocimientos al jurado\ncalificador que particip\u00f3 en el <strong>HackTecNM<\/strong>,\nen el <strong>jurado interno<\/strong> fueron: <strong>Hortensia Eliseo Dantes, <\/strong><strong>Manuel de Jes\u00fas Matuz Cruz, Francisco Javier\nGabino Rom\u00e1n y Jos\u00e9 Alfonso G\u00f3mez S\u00e1nchez<\/strong>; en lo correspondiente al <strong>Jurado\nExterno<\/strong>, fueron: <strong>Alma Janet Reyes Zepeda, Santiago Santana\nBelmares, Emmanuel Alejandro Saraoz Gald\u00e1mez, Roc\u00edo Saraoz Gald\u00e1mez, Jorge Luis\nSu\u00e1rez Zozaya.<\/strong><\/p>\n\n\n\n<div class=\"wp-block-image\"><figure class=\"aligncenter size-large is-resized\"><img decoding=\"async\" src=\"https:\/\/www.tuxtla.tecnm.mx\/wp-content\/uploads\/2023\/09\/WhatsApp-Image-2023-09-28-at-9.45.15-PM-1024x682.jpeg\" alt=\"\" class=\"wp-image-17793\" width=\"580\" srcset=\"https:\/\/www.tuxtla.tecnm.mx\/dcab\/wp-content\/uploads\/2023\/09\/WhatsApp-Image-2023-09-28-at-9.45.15-PM-1024x682.jpeg 1024w, https:\/\/www.tuxtla.tecnm.mx\/dcab\/wp-content\/uploads\/2023\/09\/WhatsApp-Image-2023-09-28-at-9.45.15-PM-300x200.jpeg 300w, https:\/\/www.tuxtla.tecnm.mx\/dcab\/wp-content\/uploads\/2023\/09\/WhatsApp-Image-2023-09-28-at-9.45.15-PM-768x512.jpeg 768w, https:\/\/www.tuxtla.tecnm.mx\/dcab\/wp-content\/uploads\/2023\/09\/WhatsApp-Image-2023-09-28-at-9.45.15-PM-1536x1023.jpeg 1536w, https:\/\/www.tuxtla.tecnm.mx\/dcab\/wp-content\/uploads\/2023\/09\/WhatsApp-Image-2023-09-28-at-9.45.15-PM.jpeg 1600w\" sizes=\"(max-width: 1024px) 100vw, 1024px\" \/><\/figure><\/div>\n\n\n\n<p class=\"wp-block-paragraph\">El HackTecNM forma parte de las actividades del InnovaTecNM en su etapa regional, en donde se desarrollaron proyectos en seis categor\u00edas y \u00e1reas de aplicaci\u00f3n para nivel licenciatura y posgrado, de acuerdo con los Sectores Estrat\u00e9gicos que marcan el crecimiento del pa\u00eds, las cuales son: <strong>sector agroalimentario, industria el\u00e9ctrica y electr\u00f3nica, electromovilidad y ciudades inteligentes, servicios para la salud, industrias creativas y cambio clim\u00e1tico<\/strong>, mediante 4 ejes transversales: <strong>Inclusi\u00f3n y Equidad, Impacto Social, Sustentabilidad y Sostenibilidad, Tecnolog\u00edas disruptivas de la Industria 4.0.<\/strong><\/p>\n\n\n\n<p class=\"wp-block-paragraph\"> <em><strong>\u201cCiencia y Tecnolog\u00eda con Sentido Humano\u201d<\/strong><\/em><br>Departamento de Comunicaci\u00f3n y Difusi\u00f3n<br>TecNM campus Tuxtla Guti\u00e9rrez <\/p>\n","protected":false},"excerpt":{"rendered":"<p>En el marco de la Cumbre Nacional de Desarrollo Tecnol\u00f3gico, Investigaci\u00f3n e Innovaci\u00f3n 2023 (InnovaTecNM) en su etapa regional, la tarde de este jueves 28 de septiembre se llev\u00f3 a cabo el cierre del HackaTecNM en donde participaron 14 equipos integrados por 70 estudiantes que trabajaron de manera colaborativa para desarrollar soluciones innovadoras a problem\u00e1ticas&#8230;<\/p>\n<p><a href=\"https:\/\/www.tuxtla.tecnm.mx\/dcab\/autoridades-del-tecnm-clausuran-hackatecnm\/\"><span class=\"glyphicon glyphicon-arrow-right\"><\/span>&nbsp;Seguir leyendo<\/a><\/p>","protected":false},"author":2,"featured_media":0,"comment_status":"closed","ping_status":"open","sticky":false,"template":"","format":"standard","meta":{"footnotes":""},"categories":[1],"tags":[],"class_list":["post-17799","post","type-post","status-publish","format-standard","hentry","category-sin-categoria"],"_links":{"self":[{"href":"https:\/\/www.tuxtla.tecnm.mx\/dcab\/wp-json\/wp\/v2\/posts\/17799","targetHints":{"allow":["GET"]}}],"collection":[{"href":"https:\/\/www.tuxtla.tecnm.mx\/dcab\/wp-json\/wp\/v2\/posts"}],"about":[{"href":"https:\/\/www.tuxtla.tecnm.mx\/dcab\/wp-json\/wp\/v2\/types\/post"}],"author":[{"embeddable":true,"href":"https:\/\/www.tuxtla.tecnm.mx\/dcab\/wp-json\/wp\/v2\/users\/2"}],"replies":[{"embeddable":true,"href":"https:\/\/www.tuxtla.tecnm.mx\/dcab\/wp-json\/wp\/v2\/comments?post=17799"}],"version-history":[{"count":1,"href":"https:\/\/www.tuxtla.tecnm.mx\/dcab\/wp-json\/wp\/v2\/posts\/17799\/revisions"}],"predecessor-version":[{"id":17800,"href":"https:\/\/www.tuxtla.tecnm.mx\/dcab\/wp-json\/wp\/v2\/posts\/17799\/revisions\/17800"}],"wp:attachment":[{"href":"https:\/\/www.tuxtla.tecnm.mx\/dcab\/wp-json\/wp\/v2\/media?parent=17799"}],"wp:term":[{"taxonomy":"category","embeddable":true,"href":"https:\/\/www.tuxtla.tecnm.mx\/dcab\/wp-json\/wp\/v2\/categories?post=17799"},{"taxonomy":"post_tag","embeddable":true,"href":"https:\/\/www.tuxtla.tecnm.mx\/dcab\/wp-json\/wp\/v2\/tags?post=17799"}],"curies":[{"name":"wp","href":"https:\/\/api.w.org\/{rel}","templated":true}]}}