{"id":17616,"date":"2023-09-08T18:28:02","date_gmt":"2023-09-08T23:28:02","guid":{"rendered":"https:\/\/www.tuxtla.tecnm.mx\/?p=17616"},"modified":"2023-09-08T18:28:02","modified_gmt":"2023-09-08T23:28:02","slug":"con-gran-exito-culmina-expo-stv-chiapas","status":"publish","type":"post","link":"https:\/\/www.tuxtla.tecnm.mx\/dcab\/con-gran-exito-culmina-expo-stv-chiapas\/","title":{"rendered":"Con gran \u00e9xito culmina Expo STV Chiapas"},"content":{"rendered":"\n<div class=\"wp-block-image\"><figure class=\"aligncenter size-large is-resized\"><img decoding=\"async\" src=\"https:\/\/www.tuxtla.tecnm.mx\/wp-content\/uploads\/2023\/09\/WhatsApp-Image-2023-09-08-at-5.19.16-PM.jpeg\" alt=\"\" class=\"wp-image-17615\" width=\"320\" srcset=\"https:\/\/www.tuxtla.tecnm.mx\/dcab\/wp-content\/uploads\/2023\/09\/WhatsApp-Image-2023-09-08-at-5.19.16-PM.jpeg 1007w, https:\/\/www.tuxtla.tecnm.mx\/dcab\/wp-content\/uploads\/2023\/09\/WhatsApp-Image-2023-09-08-at-5.19.16-PM-300x198.jpeg 300w, https:\/\/www.tuxtla.tecnm.mx\/dcab\/wp-content\/uploads\/2023\/09\/WhatsApp-Image-2023-09-08-at-5.19.16-PM-768x506.jpeg 768w\" sizes=\"(max-width: 1007px) 100vw, 1007px\" \/><\/figure><\/div>\n\n\n\n<p class=\"wp-block-paragraph\">Este 7 de septiembre, fue el\ncierre de la <strong>Expo STV Chiapas<\/strong> la\ncual tuvo una duraci\u00f3n de dos d\u00edas en donde se estableci\u00f3 una relaci\u00f3n estrecha\nentre el instituto, la tecnolog\u00eda y las empresas, una de las estrategias era\nque los estudiantes tuvieran el contexto internacional de las nuevas\ntecnolog\u00edas, las tecnolog\u00edas emergentes y as\u00ed saber d\u00f3nde aplicarlas.<\/p>\n\n\n\n<!--more-->\n\n\n\n<p class=\"wp-block-paragraph\">Cabe destacar que <strong>Jos\u00e9 Manuel Rosado P\u00e9rez, director del\nTecnol\u00f3gico Nacional de M\u00e9xico campus Tuxtla Guti\u00e9rrez<\/strong>, realiz\u00f3 un\nrecorrido por los espacios en donde se expusieron los equipos de Telecomunicaciones,\nen el que tambi\u00e9n tuvo oportunidad de saludar a cada uno de los estudiantes,\ndocentes y empresarios.<\/p>\n\n\n\n<div class=\"wp-block-image\"><figure class=\"aligncenter size-large is-resized\"><img decoding=\"async\" src=\"https:\/\/www.tuxtla.tecnm.mx\/wp-content\/uploads\/2023\/09\/WhatsApp-Image-2023-09-08-at-5.15.14-PM-1024x682.jpeg\" alt=\"\" class=\"wp-image-17614\" width=\"580\" srcset=\"https:\/\/www.tuxtla.tecnm.mx\/dcab\/wp-content\/uploads\/2023\/09\/WhatsApp-Image-2023-09-08-at-5.15.14-PM-1024x682.jpeg 1024w, https:\/\/www.tuxtla.tecnm.mx\/dcab\/wp-content\/uploads\/2023\/09\/WhatsApp-Image-2023-09-08-at-5.15.14-PM-300x200.jpeg 300w, https:\/\/www.tuxtla.tecnm.mx\/dcab\/wp-content\/uploads\/2023\/09\/WhatsApp-Image-2023-09-08-at-5.15.14-PM-768x512.jpeg 768w, https:\/\/www.tuxtla.tecnm.mx\/dcab\/wp-content\/uploads\/2023\/09\/WhatsApp-Image-2023-09-08-at-5.15.14-PM-1536x1023.jpeg 1536w, https:\/\/www.tuxtla.tecnm.mx\/dcab\/wp-content\/uploads\/2023\/09\/WhatsApp-Image-2023-09-08-at-5.15.14-PM.jpeg 1600w\" sizes=\"(max-width: 1024px) 100vw, 1024px\" \/><\/figure><\/div>\n\n\n\n<p class=\"wp-block-paragraph\"><strong>Francisco Ramos S\u00e1nchez Rodr\u00edguez,&nbsp;\ndocente de la carrera de Ingenier\u00eda en Electr\u00f3nica<\/strong> de la especialidad\nen <strong>Telecomunicaciones del TecNM campus\nTuxtla Guti\u00e9rrez<\/strong>, destac\u00f3 que en el \u00faltimo d\u00eda se abordaron temas sobre el <strong>Sistema Aviweste<\/strong>, basado en internet\nque cumple diversos protocolos para sacar se\u00f1ales en vivo de cualquier parte del\nmundo de una forma sencilla y ligera.<\/p>\n\n\n\n<p class=\"wp-block-paragraph\"><em>\u201cT\u00fa te conectas con el mundo, a trav\u00e9s de un celular, una c\u00e1mara o una\nlaptop, &nbsp;desde el punto de vista amateur\no profesional, nuestros alumnos est\u00e1n totalmente desarrollados con esto y est\u00e1n\naprendiendo y conociendo nuevas tecnolog\u00edas\u201d.<\/em><\/p>\n\n\n\n<div class=\"wp-block-image\"><figure class=\"aligncenter size-large is-resized\"><img decoding=\"async\" src=\"https:\/\/www.tuxtla.tecnm.mx\/wp-content\/uploads\/2023\/09\/WhatsApp-Image-2023-09-08-at-5.26.29-PM-1024x576.jpeg\" alt=\"\" class=\"wp-image-17617\" width=\"580\" srcset=\"https:\/\/www.tuxtla.tecnm.mx\/dcab\/wp-content\/uploads\/2023\/09\/WhatsApp-Image-2023-09-08-at-5.26.29-PM-1024x576.jpeg 1024w, https:\/\/www.tuxtla.tecnm.mx\/dcab\/wp-content\/uploads\/2023\/09\/WhatsApp-Image-2023-09-08-at-5.26.29-PM-300x169.jpeg 300w, https:\/\/www.tuxtla.tecnm.mx\/dcab\/wp-content\/uploads\/2023\/09\/WhatsApp-Image-2023-09-08-at-5.26.29-PM-768x432.jpeg 768w, https:\/\/www.tuxtla.tecnm.mx\/dcab\/wp-content\/uploads\/2023\/09\/WhatsApp-Image-2023-09-08-at-5.26.29-PM-1536x864.jpeg 1536w, https:\/\/www.tuxtla.tecnm.mx\/dcab\/wp-content\/uploads\/2023\/09\/WhatsApp-Image-2023-09-08-at-5.26.29-PM.jpeg 1600w\" sizes=\"(max-width: 1024px) 100vw, 1024px\" \/><\/figure><\/div>\n\n\n\n<p class=\"wp-block-paragraph\">Asimismo destac\u00f3 que fueron tres\nexpositores de car\u00e1cter internacional que estuvieron ambos d\u00edas compartiendo\nsus conocimientos y herramientas tecnol\u00f3gicas basadas en <strong>Telecomunicaciones<\/strong>, como <strong>STV<\/strong>\nprestador de servicios de telecomunicaciones por sat\u00e9lites y redes de telecomunicaciones;\n<strong>Teknomerica<\/strong> es una compa\u00f1\u00eda con una\nexperiencia de EU y Latinoam\u00e9rica que distribuye equipo de producci\u00f3n\ntelevisi\u00f3n y multimedia y <strong>CINAMEDIA<\/strong>\nque se encarga de la distribuci\u00f3n de todos los protocolos de transmisi\u00f3n en IP.<\/p>\n\n\n\n<div class=\"wp-block-image\"><figure class=\"aligncenter size-large is-resized\"><img decoding=\"async\" src=\"https:\/\/www.tuxtla.tecnm.mx\/wp-content\/uploads\/2023\/09\/WhatsApp-Image-2023-09-08-at-5.15.15-PM-1-1024x770.jpeg\" alt=\"\" class=\"wp-image-17611\" width=\"580\" srcset=\"https:\/\/www.tuxtla.tecnm.mx\/dcab\/wp-content\/uploads\/2023\/09\/WhatsApp-Image-2023-09-08-at-5.15.15-PM-1-1024x770.jpeg 1024w, https:\/\/www.tuxtla.tecnm.mx\/dcab\/wp-content\/uploads\/2023\/09\/WhatsApp-Image-2023-09-08-at-5.15.15-PM-1-300x226.jpeg 300w, https:\/\/www.tuxtla.tecnm.mx\/dcab\/wp-content\/uploads\/2023\/09\/WhatsApp-Image-2023-09-08-at-5.15.15-PM-1-768x578.jpeg 768w, https:\/\/www.tuxtla.tecnm.mx\/dcab\/wp-content\/uploads\/2023\/09\/WhatsApp-Image-2023-09-08-at-5.15.15-PM-1.jpeg 1280w\" sizes=\"(max-width: 1024px) 100vw, 1024px\" \/><\/figure><\/div>\n\n\n\n<p class=\"wp-block-paragraph\"><em>\u201cLa intenci\u00f3n de esto es hacer la relaci\u00f3n de la escuela con la\ntecnolog\u00eda y las empresas para que nuestros estudiante vean todo el contexto\ninternacional que hay con las nuevas tecnolog\u00edas, las tecnolog\u00edas emergentes y\ndonde se pueden aplicar y que tienen que aplicar ahora con sus conocimientos\u201d.<\/em><\/p>\n\n\n\n<div class=\"wp-block-image\"><figure class=\"aligncenter size-large is-resized\"><img decoding=\"async\" src=\"https:\/\/www.tuxtla.tecnm.mx\/wp-content\/uploads\/2023\/09\/WhatsApp-Image-2023-09-08-at-5.15.15-PM-1024x770.jpeg\" alt=\"\" class=\"wp-image-17612\" width=\"580\" srcset=\"https:\/\/www.tuxtla.tecnm.mx\/dcab\/wp-content\/uploads\/2023\/09\/WhatsApp-Image-2023-09-08-at-5.15.15-PM-1024x770.jpeg 1024w, https:\/\/www.tuxtla.tecnm.mx\/dcab\/wp-content\/uploads\/2023\/09\/WhatsApp-Image-2023-09-08-at-5.15.15-PM-300x226.jpeg 300w, https:\/\/www.tuxtla.tecnm.mx\/dcab\/wp-content\/uploads\/2023\/09\/WhatsApp-Image-2023-09-08-at-5.15.15-PM-768x578.jpeg 768w, https:\/\/www.tuxtla.tecnm.mx\/dcab\/wp-content\/uploads\/2023\/09\/WhatsApp-Image-2023-09-08-at-5.15.15-PM.jpeg 1280w\" sizes=\"(max-width: 1024px) 100vw, 1024px\" \/><\/figure><\/div>\n\n\n\n<p class=\"wp-block-paragraph\">Dentro de la agenda que se present\u00f3 en la expo STV se ofrecieron conferencias magistrales, sesiones t\u00e9cnicas, exposici\u00f3n de empresas y espacio de <strong>networking, Showroom<\/strong>, as\u00ed como la demostraci\u00f3n <strong>Fly Away<\/strong> presentada por <strong>Teletec.<\/strong><\/p>\n\n\n\n<p class=\"wp-block-paragraph\"> <em><strong>\u201cCiencia y Tecnolog\u00eda con Sentido Humano\u201d<\/strong><\/em><br>Departamento de Comunicaci\u00f3n y Difusi\u00f3n<br>TecNM campus Tuxtla Guti\u00e9rrez <\/p>\n","protected":false},"excerpt":{"rendered":"<p>Este 7 de septiembre, fue el cierre de la Expo STV Chiapas la cual tuvo una duraci\u00f3n de dos d\u00edas en donde se estableci\u00f3 una relaci\u00f3n estrecha entre el instituto, la tecnolog\u00eda y las empresas, una de las estrategias era que los estudiantes tuvieran el contexto internacional de las nuevas tecnolog\u00edas, las tecnolog\u00edas emergentes y&#8230;<\/p>\n<p><a href=\"https:\/\/www.tuxtla.tecnm.mx\/dcab\/con-gran-exito-culmina-expo-stv-chiapas\/\"><span class=\"glyphicon glyphicon-arrow-right\"><\/span>&nbsp;Seguir leyendo<\/a><\/p>","protected":false},"author":2,"featured_media":0,"comment_status":"closed","ping_status":"open","sticky":false,"template":"","format":"standard","meta":{"footnotes":""},"categories":[1],"tags":[],"class_list":["post-17616","post","type-post","status-publish","format-standard","hentry","category-sin-categoria"],"_links":{"self":[{"href":"https:\/\/www.tuxtla.tecnm.mx\/dcab\/wp-json\/wp\/v2\/posts\/17616","targetHints":{"allow":["GET"]}}],"collection":[{"href":"https:\/\/www.tuxtla.tecnm.mx\/dcab\/wp-json\/wp\/v2\/posts"}],"about":[{"href":"https:\/\/www.tuxtla.tecnm.mx\/dcab\/wp-json\/wp\/v2\/types\/post"}],"author":[{"embeddable":true,"href":"https:\/\/www.tuxtla.tecnm.mx\/dcab\/wp-json\/wp\/v2\/users\/2"}],"replies":[{"embeddable":true,"href":"https:\/\/www.tuxtla.tecnm.mx\/dcab\/wp-json\/wp\/v2\/comments?post=17616"}],"version-history":[{"count":1,"href":"https:\/\/www.tuxtla.tecnm.mx\/dcab\/wp-json\/wp\/v2\/posts\/17616\/revisions"}],"predecessor-version":[{"id":17618,"href":"https:\/\/www.tuxtla.tecnm.mx\/dcab\/wp-json\/wp\/v2\/posts\/17616\/revisions\/17618"}],"wp:attachment":[{"href":"https:\/\/www.tuxtla.tecnm.mx\/dcab\/wp-json\/wp\/v2\/media?parent=17616"}],"wp:term":[{"taxonomy":"category","embeddable":true,"href":"https:\/\/www.tuxtla.tecnm.mx\/dcab\/wp-json\/wp\/v2\/categories?post=17616"},{"taxonomy":"post_tag","embeddable":true,"href":"https:\/\/www.tuxtla.tecnm.mx\/dcab\/wp-json\/wp\/v2\/tags?post=17616"}],"curies":[{"name":"wp","href":"https:\/\/api.w.org\/{rel}","templated":true}]}}