{"id":17587,"date":"2023-09-06T18:41:46","date_gmt":"2023-09-06T23:41:46","guid":{"rendered":"https:\/\/www.tuxtla.tecnm.mx\/?p=17587"},"modified":"2023-09-06T18:41:46","modified_gmt":"2023-09-06T23:41:46","slug":"tec-tuxtla-realiza-expo-stv","status":"publish","type":"post","link":"https:\/\/www.tuxtla.tecnm.mx\/dcab\/tec-tuxtla-realiza-expo-stv\/","title":{"rendered":"Tec Tuxtla realiza Expo STV"},"content":{"rendered":"\n<div class=\"wp-block-image\"><figure class=\"aligncenter size-large is-resized\"><img decoding=\"async\" src=\"https:\/\/www.tuxtla.tecnm.mx\/wp-content\/uploads\/2023\/09\/WhatsApp-Image-2023-09-06-at-5.35.12-PM.jpeg\" alt=\"\" class=\"wp-image-17588\" width=\"320\" srcset=\"https:\/\/www.tuxtla.tecnm.mx\/dcab\/wp-content\/uploads\/2023\/09\/WhatsApp-Image-2023-09-06-at-5.35.12-PM.jpeg 983w, https:\/\/www.tuxtla.tecnm.mx\/dcab\/wp-content\/uploads\/2023\/09\/WhatsApp-Image-2023-09-06-at-5.35.12-PM-300x191.jpeg 300w, https:\/\/www.tuxtla.tecnm.mx\/dcab\/wp-content\/uploads\/2023\/09\/WhatsApp-Image-2023-09-06-at-5.35.12-PM-768x489.jpeg 768w\" sizes=\"(max-width: 983px) 100vw, 983px\" \/><\/figure><\/div>\n\n\n\n<p class=\"wp-block-paragraph\">Con la participaci\u00f3n de\ndocentes, estudiantes y p\u00fablico en general se llev\u00f3 a cabo la <strong>Expo STV \u2013 Chiapas<\/strong>, el cual re\u00fane a las\nprincipales empresas del sector de <strong>Telecomunicaciones,<\/strong>\npara presentar las \u00faltimas tendencias, avances tecnol\u00f3gicos y soluciones\ninnovadoras, mediante conferencias y exposiciones en el tema.<\/p>\n\n\n\n<!--more-->\n\n\n\n<p class=\"wp-block-paragraph\">Cabe destacar que este\nevento enmarca la <strong>vinculaci\u00f3n del TecNM\ncampus Tuxtla Guti\u00e9rrez con la Industria de Telecomunicaciones<\/strong>,\nfortaleciendo la formaci\u00f3n de estudiantes de <strong>Ingenier\u00eda Electr\u00f3nica, El\u00e9ctrica y Sistemas Computacionales<\/strong>.<\/p>\n\n\n\n<p class=\"wp-block-paragraph\"><strong>Jos\u00e9\nManuel Rosado P\u00e9rez, Director del Instituto Tecnol\u00f3gico de Tuxtla Guti\u00e9rrez, <\/strong>remarc\u00f3\nla importancia de crear v\u00ednculos con la industria de las Telecomunicaciones\npues de esta manera los estudiantes comprender\u00e1n sobre las nuevas tecnolog\u00edas\nque dar\u00e1 pauta a su desarrollo profesional.<\/p>\n\n\n\n<div class=\"wp-block-image\"><figure class=\"aligncenter size-large is-resized\"><img decoding=\"async\" src=\"https:\/\/www.tuxtla.tecnm.mx\/wp-content\/uploads\/2023\/09\/WhatsApp-Image-2023-09-06-at-5.29.51-PM-2-1024x682.jpeg\" alt=\"\" class=\"wp-image-17589\" width=\"580\" srcset=\"https:\/\/www.tuxtla.tecnm.mx\/dcab\/wp-content\/uploads\/2023\/09\/WhatsApp-Image-2023-09-06-at-5.29.51-PM-2-1024x682.jpeg 1024w, https:\/\/www.tuxtla.tecnm.mx\/dcab\/wp-content\/uploads\/2023\/09\/WhatsApp-Image-2023-09-06-at-5.29.51-PM-2-300x200.jpeg 300w, https:\/\/www.tuxtla.tecnm.mx\/dcab\/wp-content\/uploads\/2023\/09\/WhatsApp-Image-2023-09-06-at-5.29.51-PM-2-768x512.jpeg 768w, https:\/\/www.tuxtla.tecnm.mx\/dcab\/wp-content\/uploads\/2023\/09\/WhatsApp-Image-2023-09-06-at-5.29.51-PM-2-1536x1023.jpeg 1536w, https:\/\/www.tuxtla.tecnm.mx\/dcab\/wp-content\/uploads\/2023\/09\/WhatsApp-Image-2023-09-06-at-5.29.51-PM-2.jpeg 1600w\" sizes=\"(max-width: 1024px) 100vw, 1024px\" \/><\/figure><\/div>\n\n\n\n<p class=\"wp-block-paragraph\"><em>\u201cEl\nsector empresarial tiene como experiencia los casos de \u00e9xito con la carrera de\nIngenier\u00eda en electr\u00f3nica y sobre todo con la especialidad de\nTelecomunicaciones, adem\u00e1s que es nuestra prioridad trabajar con los sectores empresariales\nel cual es uno de los grandes pilares de los Tecnol\u00f3gicos\u201d.<\/em><\/p>\n\n\n\n<div class=\"wp-block-image\"><figure class=\"aligncenter size-large is-resized\"><img decoding=\"async\" src=\"https:\/\/www.tuxtla.tecnm.mx\/wp-content\/uploads\/2023\/09\/WhatsApp-Image-2023-09-06-at-5.29.50-PM-1-1024x682.jpeg\" alt=\"\" class=\"wp-image-17590\" width=\"580\" srcset=\"https:\/\/www.tuxtla.tecnm.mx\/dcab\/wp-content\/uploads\/2023\/09\/WhatsApp-Image-2023-09-06-at-5.29.50-PM-1-1024x682.jpeg 1024w, https:\/\/www.tuxtla.tecnm.mx\/dcab\/wp-content\/uploads\/2023\/09\/WhatsApp-Image-2023-09-06-at-5.29.50-PM-1-300x200.jpeg 300w, https:\/\/www.tuxtla.tecnm.mx\/dcab\/wp-content\/uploads\/2023\/09\/WhatsApp-Image-2023-09-06-at-5.29.50-PM-1-768x512.jpeg 768w, https:\/\/www.tuxtla.tecnm.mx\/dcab\/wp-content\/uploads\/2023\/09\/WhatsApp-Image-2023-09-06-at-5.29.50-PM-1-1536x1023.jpeg 1536w, https:\/\/www.tuxtla.tecnm.mx\/dcab\/wp-content\/uploads\/2023\/09\/WhatsApp-Image-2023-09-06-at-5.29.50-PM-1.jpeg 1600w\" sizes=\"(max-width: 1024px) 100vw, 1024px\" \/><\/figure><\/div>\n\n\n\n<p class=\"wp-block-paragraph\"><strong>Los\ndirectivos de STV, Teknomerica y Synamedia<\/strong>, coincidieron en\nla importancia de migrar a nuevas tecnolog\u00edas que permitan el desarrollo de las\nempresas al mismo tiempo que se brinda espacio para el aprendizaje, la\ncolaboraci\u00f3n y la exploraci\u00f3n de productos y servicios de vanguardia para que\nlos estudiantes se familiaricen ya que en un futuro tendr\u00e1n la oportunidad de trabajar\nen las empresas de Telecomunicaciones.<\/p>\n\n\n\n<p class=\"wp-block-paragraph\">Para estas <strong>Conferencias T\u00e9cnicas y Exposiciones en\nTelecomunicaciones<\/strong> se reunieron las principales empresas de este sector\npara presentar las \u00faltimas tendencias, avances tecnol\u00f3gicos y soluciones\ninnovadoras<\/p>\n\n\n\n<div class=\"wp-block-image\"><figure class=\"aligncenter size-large is-resized\"><img decoding=\"async\" src=\"https:\/\/www.tuxtla.tecnm.mx\/wp-content\/uploads\/2023\/09\/WhatsApp-Image-2023-09-06-at-5.29.50-PM-1024x682.jpeg\" alt=\"\" class=\"wp-image-17591\" width=\"580\" srcset=\"https:\/\/www.tuxtla.tecnm.mx\/dcab\/wp-content\/uploads\/2023\/09\/WhatsApp-Image-2023-09-06-at-5.29.50-PM-1024x682.jpeg 1024w, https:\/\/www.tuxtla.tecnm.mx\/dcab\/wp-content\/uploads\/2023\/09\/WhatsApp-Image-2023-09-06-at-5.29.50-PM-300x200.jpeg 300w, https:\/\/www.tuxtla.tecnm.mx\/dcab\/wp-content\/uploads\/2023\/09\/WhatsApp-Image-2023-09-06-at-5.29.50-PM-768x512.jpeg 768w, https:\/\/www.tuxtla.tecnm.mx\/dcab\/wp-content\/uploads\/2023\/09\/WhatsApp-Image-2023-09-06-at-5.29.50-PM-1536x1023.jpeg 1536w, https:\/\/www.tuxtla.tecnm.mx\/dcab\/wp-content\/uploads\/2023\/09\/WhatsApp-Image-2023-09-06-at-5.29.50-PM.jpeg 1600w\" sizes=\"(max-width: 1024px) 100vw, 1024px\" \/><\/figure><\/div>\n\n\n\n<p class=\"wp-block-paragraph\">Dentro de la agenda que se present\u00f3 en la expo STV se ofrecieron conferencias magistrales, sesiones t\u00e9cnicas, exposici\u00f3n de empresas y espacio de <strong>networking, Showroom<\/strong>, as\u00ed como la <strong>demostraci\u00f3n Fly Away<\/strong> presentada por <strong>Teletec.<\/strong><\/p>\n\n\n\n<p class=\"wp-block-paragraph\"> <em><strong>\u201cCiencia y Tecnolog\u00eda con Sentido Humano\u201d<\/strong><\/em><br>Departamento de Comunicaci\u00f3n y Difusi\u00f3n<br>TecNM campus Tuxtla Guti\u00e9rrez <\/p>\n","protected":false},"excerpt":{"rendered":"<p>Con la participaci\u00f3n de docentes, estudiantes y p\u00fablico en general se llev\u00f3 a cabo la Expo STV \u2013 Chiapas, el cual re\u00fane a las principales empresas del sector de Telecomunicaciones, para presentar las \u00faltimas tendencias, avances tecnol\u00f3gicos y soluciones innovadoras, mediante conferencias y exposiciones en el tema.<\/p>\n<p><a href=\"https:\/\/www.tuxtla.tecnm.mx\/dcab\/tec-tuxtla-realiza-expo-stv\/\"><span class=\"glyphicon glyphicon-arrow-right\"><\/span>&nbsp;Seguir leyendo<\/a><\/p>","protected":false},"author":2,"featured_media":0,"comment_status":"closed","ping_status":"open","sticky":false,"template":"","format":"standard","meta":{"footnotes":""},"categories":[1],"tags":[],"class_list":["post-17587","post","type-post","status-publish","format-standard","hentry","category-sin-categoria"],"_links":{"self":[{"href":"https:\/\/www.tuxtla.tecnm.mx\/dcab\/wp-json\/wp\/v2\/posts\/17587","targetHints":{"allow":["GET"]}}],"collection":[{"href":"https:\/\/www.tuxtla.tecnm.mx\/dcab\/wp-json\/wp\/v2\/posts"}],"about":[{"href":"https:\/\/www.tuxtla.tecnm.mx\/dcab\/wp-json\/wp\/v2\/types\/post"}],"author":[{"embeddable":true,"href":"https:\/\/www.tuxtla.tecnm.mx\/dcab\/wp-json\/wp\/v2\/users\/2"}],"replies":[{"embeddable":true,"href":"https:\/\/www.tuxtla.tecnm.mx\/dcab\/wp-json\/wp\/v2\/comments?post=17587"}],"version-history":[{"count":1,"href":"https:\/\/www.tuxtla.tecnm.mx\/dcab\/wp-json\/wp\/v2\/posts\/17587\/revisions"}],"predecessor-version":[{"id":17592,"href":"https:\/\/www.tuxtla.tecnm.mx\/dcab\/wp-json\/wp\/v2\/posts\/17587\/revisions\/17592"}],"wp:attachment":[{"href":"https:\/\/www.tuxtla.tecnm.mx\/dcab\/wp-json\/wp\/v2\/media?parent=17587"}],"wp:term":[{"taxonomy":"category","embeddable":true,"href":"https:\/\/www.tuxtla.tecnm.mx\/dcab\/wp-json\/wp\/v2\/categories?post=17587"},{"taxonomy":"post_tag","embeddable":true,"href":"https:\/\/www.tuxtla.tecnm.mx\/dcab\/wp-json\/wp\/v2\/tags?post=17587"}],"curies":[{"name":"wp","href":"https:\/\/api.w.org\/{rel}","templated":true}]}}