{"id":1758,"date":"2015-06-05T18:08:04","date_gmt":"2015-06-05T18:08:04","guid":{"rendered":"http:\/\/wordpress.local\/2015\/06\/05\/se-efectuo-examen-de-admision-en-el-tec-tuxtla-2\/"},"modified":"2015-06-05T18:08:04","modified_gmt":"2015-06-05T18:08:04","slug":"se-efectuo-examen-de-admision-en-el-tec-tuxtla-2","status":"publish","type":"post","link":"https:\/\/www.tuxtla.tecnm.mx\/dcab\/se-efectuo-examen-de-admision-en-el-tec-tuxtla-2\/","title":{"rendered":"Se efectu\u00f3  examen de admisi\u00f3n en el Tec Tuxtla"},"content":{"rendered":"<p><span style=\"font-family: Symbol; mso-fareast-font-family: Symbol; mso-bidi-font-family: Symbol; color: #333333; mso-fareast-language: ES-MX;\"><span style=\"mso-list: Ignore;\"><img loading=\"lazy\" decoding=\"async\" class=\" alignleft size-full wp-image-1757\" src=\"http:\/\/wordpress.local\/wp-content\/uploads\/2015\/06\/5-junio-2015-examen-de-admisin-ceneval.jpg\" border=\"0\" style=\"float: left;\" width=\"0\" height=\"0\" \/>\u00b7<span style=\"font: 7.0pt;\"> <\/span><\/span><\/span><span>Para ingreso al per\u00edodo agosto \u2013 diciembre 2015<\/span><span> <\/span><\/p>\n<p \/><span>El viernes 5 de junio de 2015 <span style=\"mso-spacerun: yes;\"> <\/span>en  las instalaciones del Instituto Tecnol\u00f3gico de Tuxtla Guti\u00e9rrez, se  llev\u00f3 a cabo el examen de admisi\u00f3n, en el que participaron m\u00e1s de mil  450<span style=\"mso-spacerun: yes;\"> <\/span>j\u00f3venes  aspirantes al ciclo escolar agosto \u2013 diciembre 2015 a nivel  licenciatura procedentes de escuelas del nivel medio superior de  diversos municipios as\u00ed como de la capital del estado, aspirantes a maestr\u00eda  y doctorado.   <!--more-->  <\/span><\/p>\n<p>\u00a0<\/p>\n<p class=\"MsoNormal\" style=\"mso-margin-top-alt: auto; mso-margin-bottom-alt: auto; text-align: justify; line-height: 16.75pt; background: white;\"><span>A  partir de las 8.00 horas comenzaron a arribar a las instalaciones del  ITTG los estudiantes que buscan la oportunidad de continuar sus estudios  en las carreras de Ingenier\u00eda Bioqu\u00edmica, Electr\u00f3nica, El\u00e9ctrica,  Industrial, Mec\u00e1nica, Qu\u00edmica, Sistemas Computacionales y Gesti\u00f3n  Empresarial y las Maestr\u00edas en Ciencias en Ingenier\u00eda Bioqu\u00edmica y  Mecatr\u00f3nica; y el doctorado <\/span><span style=\"mso-bidi-font-family: Tahoma;\">en Ciencias de los <span style=\"mso-spacerun: yes;\"> <\/span>Alimentos<span style=\"mso-spacerun: yes;\"> <\/span>y Biotecnolog\u00eda <\/span><span> <\/span><\/p>\n<p class=\"MsoNormal\" style=\"mso-margin-top-alt: auto; mso-margin-bottom-alt: auto; text-align: justify; line-height: 16.75pt; background: white;\"><span>Para llevar a cabo el examen de selecci\u00f3n de aspirantes, se utilizaron 44 \u00e1ulas de los edificios <span style=\"mso-spacerun: yes;\"> <\/span>D1,  \u201cE\u201d,\u201dJ\u201d,\u201cH\u201d, \u201cT\u201d, \u201cU\u201d \u201cR\u201d y \u201cQ\u201d en donde participaron 86 maestros como  aplicadores y coordinadores, adem\u00e1s del personal administrativo, esto  organizado y ejecutado por el Departamento de Desarrollo Acad\u00e9mico <span style=\"mso-spacerun: yes;\"> <\/span>a cargo de la MC. Mar\u00eda Delina Culebro Farrera y personal del <\/span><span class=\"st\">Centro Nacional de Evaluaci\u00f3n para la Educaci\u00f3n Superior, A.C.<\/span><span> (Ceneval). <\/span><\/p>\n<p class=\"MsoNormal\" style=\"mso-margin-top-alt: auto; mso-margin-bottom-alt: auto; text-align: justify; line-height: 16.75pt; background: white;\"><span>El  examen arranc\u00f3 en punto de las 9:00 horas y concluy\u00f3 a las 13:00 horas;  durante la jornada de trabajo las autoridades del Ceneval comisionaron a  aplicadores externos coordinados por la Lic. Ledia Gonz\u00e1lez Pantoja y  el Lic. Fernando David D\u00edaz , quienes se encargaron de capacitar a los  profesores que aplicaron el examen, tambi\u00e9n <span style=\"mso-spacerun: yes;\"> <\/span>suministraron el material del examen y verificaron que los estudiantes que se presentaron lo hicieran debidamente registrados y <span style=\"mso-spacerun: yes;\"> <\/span>en cumplimiento <span style=\"mso-spacerun: yes;\"> <\/span>con todos los formatos entregados al inicio del proceso y como t\u00e9rmino se levant\u00f3 un acta del proceso para darle legalidad.<\/span><\/p>\n<p class=\"MsoNormal\" style=\"mso-margin-top-alt: auto; mso-margin-bottom-alt: auto; text-align: justify; line-height: 16.75pt; background: white;\"><span>El  departamento de Desarrollo Acad\u00e9mico, agradeci\u00f3 el trabajo realizado  por los maestros quienes son parte importante como primer filtro para la  admisi\u00f3n a la instituci\u00f3n. Finalmente informaron que los resultados del  examen ser\u00e1n publicados el 19 de junio de 2015 en la p\u00e1gina web del instituto.<\/span><\/p>\n<p>\u00a0<\/p>\n","protected":false},"excerpt":{"rendered":"<p>\u00b7 Para ingreso al per\u00edodo agosto \u2013 diciembre 2015 El viernes 5 de junio de 2015 en las instalaciones del Instituto Tecnol\u00f3gico de Tuxtla Guti\u00e9rrez, se llev\u00f3 a cabo el examen de admisi\u00f3n, en el que participaron m\u00e1s de mil 450 j\u00f3venes aspirantes al ciclo escolar agosto \u2013 diciembre 2015 a nivel licenciatura procedentes de&#8230;<\/p>\n<p><a href=\"https:\/\/www.tuxtla.tecnm.mx\/dcab\/se-efectuo-examen-de-admision-en-el-tec-tuxtla-2\/\"><span class=\"glyphicon glyphicon-arrow-right\"><\/span>&nbsp;Seguir leyendo<\/a><\/p>","protected":false},"author":1,"featured_media":1757,"comment_status":"open","ping_status":"open","sticky":false,"template":"","format":"standard","meta":{"footnotes":""},"categories":[11],"tags":[],"class_list":["post-1758","post","type-post","status-publish","format-standard","has-post-thumbnail","hentry","category-latest-news"],"_links":{"self":[{"href":"https:\/\/www.tuxtla.tecnm.mx\/dcab\/wp-json\/wp\/v2\/posts\/1758","targetHints":{"allow":["GET"]}}],"collection":[{"href":"https:\/\/www.tuxtla.tecnm.mx\/dcab\/wp-json\/wp\/v2\/posts"}],"about":[{"href":"https:\/\/www.tuxtla.tecnm.mx\/dcab\/wp-json\/wp\/v2\/types\/post"}],"author":[{"embeddable":true,"href":"https:\/\/www.tuxtla.tecnm.mx\/dcab\/wp-json\/wp\/v2\/users\/1"}],"replies":[{"embeddable":true,"href":"https:\/\/www.tuxtla.tecnm.mx\/dcab\/wp-json\/wp\/v2\/comments?post=1758"}],"version-history":[{"count":0,"href":"https:\/\/www.tuxtla.tecnm.mx\/dcab\/wp-json\/wp\/v2\/posts\/1758\/revisions"}],"wp:featuredmedia":[{"embeddable":true,"href":"https:\/\/www.tuxtla.tecnm.mx\/dcab\/wp-json\/wp\/v2\/media\/1757"}],"wp:attachment":[{"href":"https:\/\/www.tuxtla.tecnm.mx\/dcab\/wp-json\/wp\/v2\/media?parent=1758"}],"wp:term":[{"taxonomy":"category","embeddable":true,"href":"https:\/\/www.tuxtla.tecnm.mx\/dcab\/wp-json\/wp\/v2\/categories?post=1758"},{"taxonomy":"post_tag","embeddable":true,"href":"https:\/\/www.tuxtla.tecnm.mx\/dcab\/wp-json\/wp\/v2\/tags?post=1758"}],"curies":[{"name":"wp","href":"https:\/\/api.w.org\/{rel}","templated":true}]}}