{"id":1733,"date":"2015-05-26T20:58:17","date_gmt":"2015-05-26T20:58:17","guid":{"rendered":"http:\/\/wordpress.local\/2015\/05\/26\/exponen-obras-pictoricas-en-el-ittg\/"},"modified":"2015-05-26T20:58:17","modified_gmt":"2015-05-26T20:58:17","slug":"exponen-obras-pictoricas-en-el-ittg","status":"publish","type":"post","link":"https:\/\/www.tuxtla.tecnm.mx\/dcab\/exponen-obras-pictoricas-en-el-ittg\/","title":{"rendered":"Exponen estudiantes obras pict\u00f3ricas en el ITTG"},"content":{"rendered":"<p><span style=\"font-size: 11.0pt; font-family: Symbol; mso-fareast-font-family: Symbol; mso-bidi-font-family: Symbol;\"><span style=\"mso-list: Ignore;\"><img loading=\"lazy\" decoding=\"async\" class=\" alignleft size-full wp-image-1732\" src=\"http:\/\/wordpress.local\/wp-content\/uploads\/2015\/05\/26-mayo-2015-expo-de-pintura.jpg\" border=\"0\" style=\"float: left;\" width=\"0\" height=\"0\" \/><\/span><\/span><span style=\"font-size: 11.0pt; line-height: 115%; font-family: \"> <\/span><\/p>\n<p class=\"MsoNoSpacing\" style=\"text-align: justify;\">Como parte de los talleres de pintura, serigraf\u00eda y dibujo<\/p>\n<p class=\"MsoNoSpacing\" style=\"text-align: justify;\">En el Instituto se realiz\u00f3 con todo un \u00e9xito la exposici\u00f3n pict\u00f3rica, de serigraf\u00eda y dibujo pinturas con diferentes t\u00e9cnicas y tem\u00e1ticas en las cuales se aprecia y se refleja el trabajo, el esfuerzo y el empe\u00f1o de los futuros artistas; organizado por el departamento de actividades extraescolares encabezada por el Ing. Salom\u00f3n Velazco Berm\u00fadez, a trav\u00e9s del Lic. Daniel Ru\u00edz P\u00e9rez, profesor de los talleres.<\/p>\n<p class=\"MsoNoSpacing\" style=\"text-align: justify;\">\u00a0<\/p>\n<p>  <!--more-->  <\/p>\n<p>\u00a0<\/p>\n<p class=\"MsoNoSpacing\" style=\"text-align: justify;\">La inauguraci\u00f3n se realiz\u00f3 a las 13:00 horas de este martes 26 de mayo de 2015 en el lobby del edificio A-B el acto estuvo a cargo del<span style=\"mso-spacerun: yes;\"> <\/span>Ing. Rodrigo Ferrer Gonz\u00e1lez, Subdirector de Planeaci\u00f3n y Vinculaci\u00f3n, quien felicit\u00f3 a los estudiantes por el esfuerzo realizado y el entusiasmo por el arte a trav\u00e9s de las im\u00e1genes creativas plasmadas con las diferentes t\u00e9cnicas aprendidas en el aula;<span style=\"mso-spacerun: yes;\"> <\/span>hizo la invitaci\u00f3n abierta para el p\u00fablico en general, a efecto de compartir estas creaciones art\u00edsticas que dan cuenta del talento de los mejores estudiantes que cursan en el instituto.<\/p>\n<p class=\"MsoNoSpacing\" style=\"text-align: justify;\">En esta actividad participaron seis grupos de actividades extraescolares de los cuales se escogieron las mejores obras, destacando las caracter\u00edsticas de las t\u00e9cnicas aprendidas, de los cuales 5 salieron premiados para participar en el XXXIV Festival Nacional de Arte y Cultura de los Institutos Tecnol\u00f3gicos <span style=\"mso-spacerun: yes;\"> <\/span>a realizarse en Zacatecas del 25 al 29 de septiembre de 2015.<\/p>\n<p class=\"MsoNoSpacing\" style=\"text-align: justify;\">Es importante destacar que cada estudiante plasm\u00f3 sus ideas, sentimientos y emociones en cada imagen, adem\u00e1s agradecieron la oportunidad de exponer sus obras en las instalaciones de esta casa de estudios.<\/p>\n<p class=\"MsoNoSpacing\" style=\"text-align: justify;\">Estas actividades forman parte del desarrollo integral que el Instituto Tecnol\u00f3gico de Tuxtla Guti\u00e9rrez ofrece a sus estudiantes con el objetivo de formar profesionistas altamente capacitados en el \u00e1rea de la ciencia y tecnolog\u00eda y a la vez con una formaci\u00f3n de valores y habilidades art\u00edsticas y culturales, logrando con ello el formar j\u00f3venes con diferentes destrezas dignas de un l\u00edder de clase mundial.<\/p>\n<p class=\"MsoNoSpacing\"><strong style=\"mso-bidi-font-weight: normal;\">\u00ab42 A\u00d1OS DE CIENCIA Y TECNOLOG\u00cdA CON SENTIDO HUMANO\u00bb<\/strong><\/p>\n<p class=\"MsoNoSpacing\"><strong style=\"mso-bidi-font-weight: normal;\">Departamento de Comunicaci\u00f3n y Difusi\u00f3n<\/strong><\/p>\n<p class=\"MsoNoSpacing\"><strong style=\"mso-bidi-font-weight: normal;\">Instituto Tecnol\u00f3gico de Tuxtla Guti\u00e9rrez.<\/strong><\/p>\n<p class=\"MsoNoSpacing\" style=\"text-align: justify;\"><strong style=\"mso-bidi-font-weight: normal;\"> <\/strong><\/p>\n<p>\u00a0<\/p>\n<p>\u00a0<\/p>\n","protected":false},"excerpt":{"rendered":"<p>Como parte de los talleres de pintura, serigraf\u00eda y dibujo En el Instituto se realiz\u00f3 con todo un \u00e9xito la exposici\u00f3n pict\u00f3rica, de serigraf\u00eda y dibujo pinturas con diferentes t\u00e9cnicas y tem\u00e1ticas en las cuales se aprecia y se refleja el trabajo, el esfuerzo y el empe\u00f1o de los futuros artistas; organizado por el departamento&#8230;<\/p>\n<p><a href=\"https:\/\/www.tuxtla.tecnm.mx\/dcab\/exponen-obras-pictoricas-en-el-ittg\/\"><span class=\"glyphicon glyphicon-arrow-right\"><\/span>&nbsp;Seguir leyendo<\/a><\/p>","protected":false},"author":1,"featured_media":1732,"comment_status":"open","ping_status":"open","sticky":false,"template":"","format":"standard","meta":{"footnotes":""},"categories":[11],"tags":[],"class_list":["post-1733","post","type-post","status-publish","format-standard","has-post-thumbnail","hentry","category-latest-news"],"_links":{"self":[{"href":"https:\/\/www.tuxtla.tecnm.mx\/dcab\/wp-json\/wp\/v2\/posts\/1733","targetHints":{"allow":["GET"]}}],"collection":[{"href":"https:\/\/www.tuxtla.tecnm.mx\/dcab\/wp-json\/wp\/v2\/posts"}],"about":[{"href":"https:\/\/www.tuxtla.tecnm.mx\/dcab\/wp-json\/wp\/v2\/types\/post"}],"author":[{"embeddable":true,"href":"https:\/\/www.tuxtla.tecnm.mx\/dcab\/wp-json\/wp\/v2\/users\/1"}],"replies":[{"embeddable":true,"href":"https:\/\/www.tuxtla.tecnm.mx\/dcab\/wp-json\/wp\/v2\/comments?post=1733"}],"version-history":[{"count":0,"href":"https:\/\/www.tuxtla.tecnm.mx\/dcab\/wp-json\/wp\/v2\/posts\/1733\/revisions"}],"wp:featuredmedia":[{"embeddable":true,"href":"https:\/\/www.tuxtla.tecnm.mx\/dcab\/wp-json\/wp\/v2\/media\/1732"}],"wp:attachment":[{"href":"https:\/\/www.tuxtla.tecnm.mx\/dcab\/wp-json\/wp\/v2\/media?parent=1733"}],"wp:term":[{"taxonomy":"category","embeddable":true,"href":"https:\/\/www.tuxtla.tecnm.mx\/dcab\/wp-json\/wp\/v2\/categories?post=1733"},{"taxonomy":"post_tag","embeddable":true,"href":"https:\/\/www.tuxtla.tecnm.mx\/dcab\/wp-json\/wp\/v2\/tags?post=1733"}],"curies":[{"name":"wp","href":"https:\/\/api.w.org\/{rel}","templated":true}]}}