{"id":1719,"date":"2015-05-20T18:29:40","date_gmt":"2015-05-20T18:29:40","guid":{"rendered":"http:\/\/wordpress.local\/2015\/05\/20\/ing-electronica-realiza-platica-de-residencia-profesional\/"},"modified":"2015-05-20T18:29:40","modified_gmt":"2015-05-20T18:29:40","slug":"ing-electronica-realiza-platica-de-residencia-profesional","status":"publish","type":"post","link":"https:\/\/www.tuxtla.tecnm.mx\/dcab\/ing-electronica-realiza-platica-de-residencia-profesional\/","title":{"rendered":"Ing. Electr\u00f3nica  realiza Pl\u00e1tica de Residencia Profesional"},"content":{"rendered":"<p><img loading=\"lazy\" decoding=\"async\" class=\" alignleft size-full wp-image-1718\" src=\"http:\/\/wordpress.local\/wp-content\/uploads\/2015\/05\/20-mayo-platica-de-residencia-electrnica.jpg\" border=\"0\" style=\"float: left;\" width=\"0\" height=\"0\" \/><\/p>\n<p class=\"MsoNormal\" style=\"text-align: justify;\"><strong style=\"mso-bidi-font-weight: normal;\">\u00b7<\/strong><span style=\"mso-bidi-font-weight: normal;\">Se vincula con el sector productivo para conocer las \u00e1reas de oportunidad y realizar proyectos de mejor<\/span>a<\/p>\n<p class=\"MsoNormal\" style=\"text-align: justify;\">En la sala audiovisual del edifico \u201cI\u201d del Instituto Tecnol\u00f3gico de Tuxtla Guti\u00e9rrez, se efectu\u00f3 la reuni\u00f3n con estudiantes de la carrera de Ingenier\u00eda en Electr\u00f3nica, en donde se les explic\u00f3 la importancia de realizar la residencia profesional y los pasos a seguir.<\/p>\n<p>  <!--more-->  <\/p>\n<p class=\"MsoNormal\" style=\"text-align: justify;\">A esta reuni\u00f3n se invit\u00f3 a todos los alumnos que tienen que desarrollar su residencia profesional en el noveno y decimo semestre, se les inform\u00f3 la importancia de seleccionar un proyecto adecuado a sus conocimientos, habilidades y aptitudes desarrolladas durante su estancia en el instituto.<\/p>\n<p class=\"MsoNormal\" style=\"text-align: justify;\">Durante la reuni\u00f3n tambi\u00e9n se efectu\u00f3 la vinculaci\u00f3n entre el sector productivo,<span style=\"mso-spacerun: yes;\"> <\/span>quienes expusieron las \u00e1reas de oportunidad en donde los estudiantes pueden incursionar y realizar propuestas de mejora.<\/p>\n<p class=\"MsoNormal\" style=\"text-align: justify;\">Se les explic\u00f3: la residencia es la estancia temporal que debe realizar el estudiante que a\u00fan est\u00e1 en proceso de formaci\u00f3n con el fin de que desarrolle un proyecto definido, con la asesor\u00eda de instancias acad\u00e9micas y empresariales, para poner en pr\u00e1ctica los conocimientos te\u00f3ricos adquiridos en el \u00e1ula, tener una experiencia de tipo profesional y proponer soluciones viables a problemas reales, con beneficios de inter\u00e9s para la empresa y contribuir a la mejora continua de la calidad de sus productos y servicios.<\/p>\n<p class=\"MsoNormal\" style=\"text-align: justify;\">La pl\u00e1tica fue coordinada por el Departamento de El\u00e9ctrica y Electr\u00f3nica, a cargo del Ing. Luis Alberto P\u00e9rez Lozano y la H. Academia de Ingenier\u00eda Electr\u00f3nica, quienes explicaron a los j\u00f3venes que la residencia profesional es una estrategia educativa, con un car\u00e1cter curricular, que permite al estudiante, aun estando en proceso de formaci\u00f3n, incorporarse profesionalmente a los sectores productivos, a trav\u00e9s del desarrollo de un proyecto definido de trabajo profesional, asesorado por instancias acad\u00e9micas e instancias externas.<\/p>\n<p class=\"MsoNoSpacing\" style=\"text-align: justify;\">\u00ab42 A\u00d1OS DE CIENCIA Y TECNOLOG\u00cdA CON SENTIDO HUMANO\u00bb<\/p>\n<p class=\"MsoNoSpacing\" style=\"text-align: justify;\">Departamento de Comunicaci\u00f3n y Difusi\u00f3n<\/p>\n<p class=\"MsoNoSpacing\" style=\"text-align: justify;\">Instituto Tecnol\u00f3gico de Tuxtla Guti\u00e9rrez.<\/p>\n<p class=\"MsoNormal\" style=\"text-align: justify;\">\u00a0<\/p>\n<p class=\"MsoNormal\">\u00a0<\/p>\n<p>Normal 0   21   false false false  ES-MX X-NONE X-NONE                                                                                                                                                                        \/* Style Definitions *\/  table.MsoNormalTable \t{mso-style-name:\u00bbTabla normal\u00bb; \tmso-tstyle-rowband-size:0; \tmso-tstyle-colband-size:0; \tmso-style-noshow:yes; \tmso-style-priority:99; \tmso-style-parent:\u00bb\u00bb; \tmso-padding-alt:0cm 5.4pt 0cm 5.4pt; \tmso-para-margin-top:0cm; \tmso-para-margin-right:0cm; \tmso-para-margin-bottom:10.0pt; \tmso-para-margin-left:0cm; \tline-height:115%; \tmso-pagination:widow-orphan; \tfont-size:11.0pt; \tfont-family:\u00bbCalibri\u00bb,\u00bbsans-serif\u00bb; \tmso-ascii-font-family:Calibri; \tmso-ascii-theme-font:minor-latin; \tmso-hansi-font-family:Calibri; \tmso-hansi-theme-font:minor-latin; \tmso-fareast-language:EN-US;}<\/p>\n","protected":false},"excerpt":{"rendered":"<p>\u00b7Se vincula con el sector productivo para conocer las \u00e1reas de oportunidad y realizar proyectos de mejora En la sala audiovisual del edifico \u201cI\u201d del Instituto Tecnol\u00f3gico de Tuxtla Guti\u00e9rrez, se efectu\u00f3 la reuni\u00f3n con estudiantes de la carrera de Ingenier\u00eda en Electr\u00f3nica, en donde se les explic\u00f3 la importancia de realizar la residencia profesional&#8230;<\/p>\n<p><a href=\"https:\/\/www.tuxtla.tecnm.mx\/dcab\/ing-electronica-realiza-platica-de-residencia-profesional\/\"><span class=\"glyphicon glyphicon-arrow-right\"><\/span>&nbsp;Seguir leyendo<\/a><\/p>","protected":false},"author":1,"featured_media":1718,"comment_status":"open","ping_status":"open","sticky":false,"template":"","format":"standard","meta":{"footnotes":""},"categories":[11],"tags":[],"class_list":["post-1719","post","type-post","status-publish","format-standard","has-post-thumbnail","hentry","category-latest-news"],"_links":{"self":[{"href":"https:\/\/www.tuxtla.tecnm.mx\/dcab\/wp-json\/wp\/v2\/posts\/1719","targetHints":{"allow":["GET"]}}],"collection":[{"href":"https:\/\/www.tuxtla.tecnm.mx\/dcab\/wp-json\/wp\/v2\/posts"}],"about":[{"href":"https:\/\/www.tuxtla.tecnm.mx\/dcab\/wp-json\/wp\/v2\/types\/post"}],"author":[{"embeddable":true,"href":"https:\/\/www.tuxtla.tecnm.mx\/dcab\/wp-json\/wp\/v2\/users\/1"}],"replies":[{"embeddable":true,"href":"https:\/\/www.tuxtla.tecnm.mx\/dcab\/wp-json\/wp\/v2\/comments?post=1719"}],"version-history":[{"count":0,"href":"https:\/\/www.tuxtla.tecnm.mx\/dcab\/wp-json\/wp\/v2\/posts\/1719\/revisions"}],"wp:featuredmedia":[{"embeddable":true,"href":"https:\/\/www.tuxtla.tecnm.mx\/dcab\/wp-json\/wp\/v2\/media\/1718"}],"wp:attachment":[{"href":"https:\/\/www.tuxtla.tecnm.mx\/dcab\/wp-json\/wp\/v2\/media?parent=1719"}],"wp:term":[{"taxonomy":"category","embeddable":true,"href":"https:\/\/www.tuxtla.tecnm.mx\/dcab\/wp-json\/wp\/v2\/categories?post=1719"},{"taxonomy":"post_tag","embeddable":true,"href":"https:\/\/www.tuxtla.tecnm.mx\/dcab\/wp-json\/wp\/v2\/tags?post=1719"}],"curies":[{"name":"wp","href":"https:\/\/api.w.org\/{rel}","templated":true}]}}