{"id":1628,"date":"2015-03-13T21:03:08","date_gmt":"2015-03-13T21:03:08","guid":{"rendered":"http:\/\/wordpress.local\/2015\/03\/13\/egresan-466-jovenes-del-tec-tuxtla\/"},"modified":"2015-03-13T21:03:08","modified_gmt":"2015-03-13T21:03:08","slug":"egresan-466-jovenes-del-tec-tuxtla","status":"publish","type":"post","link":"https:\/\/www.tuxtla.tecnm.mx\/dcab\/egresan-466-jovenes-del-tec-tuxtla\/","title":{"rendered":"Egresan 466 j\u00f3venes del Tec-Tuxtla"},"content":{"rendered":"<p class=\"MsoNormal\"><strong><img loading=\"lazy\" decoding=\"async\" class=\" alignleft size-full wp-image-1627\" src=\"http:\/\/wordpress.local\/wp-content\/uploads\/2015\/03\/13-marzo-foto-graduacin-.jpg\" border=\"0\" width=\"258\" height=\"169\" style=\"float: left;\" \/>\u2022 Ceremonia de Graduaci\u00f3n\u00a0 de la Generaci\u00f3n 2010-2014<\/strong><\/p>\n<p>El Instituto Tecnol\u00f3gico de Tuxtla Guti\u00e9rrez (ITTG) realiz\u00f3 el viernes 13 de marzo la ceremonia de graduaci\u00f3n de los alumnos de la generaci\u00f3n 2010-2014; que concluyeron satisfactoriamente sus estudios de licenciatura en ocho carreras de ingenier\u00eda.<\/p>\n<p>  <!--more-->  <\/p>\n<p class=\"MsoNormal\">Fueron 466 j\u00f3venes los que recibieron sus documentos oficiales que los acredita como nuevos profesionistas chiapanecos, entre ellos figuran 152 egresados que alcanzaron un promedio superior al 90 por ciento en toda su carrera, por lo que al concluir sus estudios fueron reconocidos por alto promedio.<\/p>\n<p class=\"MsoNormal\">Este evento protocolario estuvo presidido por el M.E.H. Jos\u00e9 Luis M\u00e9ndez Navarro, director del ITTG, quien al dirigir su mensaje a los alumnos egresados, destac\u00f3 \u201cHa sido una gran responsabilidad formar a sus hijos. Esperamos haber cumplido. Nos sentimos muy honrados y responsables de su elecci\u00f3n como Instituto Tecnol\u00f3gico de Tuxtla Guti\u00e9rrez.\u201d.<\/p>\n<p class=\"MsoNormal\">Tambi\u00e9n puntualiz\u00f3 que \u201cTomen en cuenta que les espera un nuevo mundo. No estamos viviendo una \u00e9poca de cambios, estamos viviendo un cambio de \u00e9poca, hacia una sociedad donde la riqueza surge del conocimiento y de la creatividad, no de los recursos naturales o de la fuerza. Hoy existe un idioma global, una red de comunicaci\u00f3n global, profesiones globales. El tiempo y la distancia ya no existen como l\u00edmites.<\/p>\n<p class=\"MsoNormal\">Pueden llegar tan lejos como quieran sin abandonarnos. M\u00e9xico y el Estado de Chiapas\u00a0 los necesita. Triunfen desde Chiapas y hagan triunfar a M\u00e9xico. Ahora es su oportunidad de llevar a la superficie este M\u00e9xico moderno y emprendedor que ustedes representan\u201d.<\/p>\n<p class=\"MsoNormal\">Por su parte, Daniel Enrique G\u00f3mez Torres de la carrera Ingenier\u00eda en Gesti\u00f3n Empresarial, el promedio m\u00e1s alto de su generaci\u00f3n con 97.12 por ciento, al hablar en representaci\u00f3n de los graduados expres\u00f3 su agradecimiento a los maestros y a los padres de familia por el apoyo que les brindaron durante su formaci\u00f3n universitaria.<\/p>\n<p class=\"MsoNormal\">Dijo: \u201cEs importante mencionar que cada uno de los egresados aplicar\u00e1 los conocimientos adquiridos de la carrera estudiada. M\u00e9xico ha sufrido en parte, por la falta de profesionistas comprometidos y ahora nosotros tenemos la oportunidad de hacer algo significativo por nuestro pa\u00eds. Seamos los mejores en nuestros trabajos, apliquemos nuestras experiencias acad\u00e9micas y profesionales adquiridas, con el respaldo que nos otorga nuestro Tecnol\u00f3gico.<\/p>\n<p class=\"MsoNormal\">Compa\u00f1eros, lo \u00fanico que puedo aconsejarles es que cada etapa la vean con optimismo, sin temor a caer. Porque si algo he aprendido de la vida es que acompa\u00f1ado, todo es m\u00e1s f\u00e1cil. Tomen la vida que Dios les ha dado y hagan con ella algo significativo, y mientras eso sucede, yo les deseo el mejor de los \u00e9xitos\u201d<\/p>\n<p class=\"MsoNormal\">Como invitados a esta ceremonia asistieron: la Dra. Jes\u00fas Ofelia Angulo Guerrero, Coordinadora Sectorial Acad\u00e9mica del Tecnol\u00f3gico Nacional de M\u00e9xico, la Lic. Sara Adriana Calder\u00f3n Meza de la Direcci\u00f3n de Educaci\u00f3n Superior a Distancia del Estado de Chiapa; el Coronado Bruno P\u00e9rez Esparza, Coronel de Artiller\u00eda de la VII Regi\u00f3n Militar; Ing. Gustavo Nucamendi Ochoa, del Colegio de Ingenieros Mec\u00e1nicos y Electricistas de Chiapas; el CP. Juan G\u00f3mez Hern\u00e1ndez, Presidente Municipal de Soyal\u00f3 y el MEH. Jos\u00e9 Luis M\u00e9ndez Navarro, Director del Instituto Tecnol\u00f3gico de Tuxtla Guti\u00e9rrez.<\/p>\n<p class=\"MsoNormal\">Tambi\u00e9n estuvieron en el pres\u00eddium el Mtro. Roberto David V\u00e1zquez Sol\u00eds, Subdirector Acad\u00e9mico del ITTG, Lic. Gilberto Casta\u00f1eda Ord\u00f3\u00f1ez de la Delegaci\u00f3n Sindical D-V-18 y la\u00a0 C. Samanta P\u00e9rez Castellanos, Presidenta del Comit\u00e9 Ejecutivo de la Sociedad de Alumnos del ITTG<\/p>\n<p class=\"MsoNormal\">La Dra. Jes\u00fas Ofelia Angulo Guerrero, Coordinadora Sectorial Acad\u00e9mica del Tecnol\u00f3gico Nacional de M\u00e9xico, dirigi\u00f3 unas palabras a los graduados. \u201cSon motivaci\u00f3n y orgullo para el Tecnol\u00f3gico Nacional de M\u00e9xico. Les deseo a todos y a todas una exitosa carrera profesional; deben desempe\u00f1arse con honestidad y con transparencia de manera responsable y comprometida en cualquiera de las tareas que desempe\u00f1en en su vida profesional; \u00a0se les ha preparado para seguir diferentes caminos sin olvidar que pueden continuar con su formaci\u00f3n con estudios de maestr\u00eda y doctorado, cuentan con todo el apoyo del Tecnol\u00f3gico Nacional de M\u00e9xico para realizarlo.<\/p>\n<p class=\"MsoNormal\">M\u00e9xico requiere de cient\u00edficos, gente creativa e innovadora como ustedes y en el Tecnol\u00f3gico Nacional de M\u00e9xico tienen una oportunidad para desarrollar una carrera cient\u00edfica y tambi\u00e9n tienen la oportunidad de desarrollarse en una carrera empresarial.<\/p>\n<p class=\"MsoNormal\">Es un orgullo que puedan culminar esta etapa de su vida ya\u00a0 que en M\u00e9xico solo 30 de 100 j\u00f3venes \u00a0tienen esa oportunidad y de esos 30 solo 20 culminan sus estudios.\u201d Reiter\u00f3 la felicitaci\u00f3n y reconocimiento como ejemplo de juventud, a todos los egresados;\u00a0 mencion\u00f3 que\u00a0 las mejores herramientas para crecer como persona, y sociedad est\u00e1n en la educaci\u00f3n por lo que el Estado de Chiapas seguir\u00e1 trabajando para obtener mejores resultados en la educaci\u00f3n; y que mejor que en esta ocasi\u00f3n en donde egresan j\u00f3venes con futuro.<\/p>\n<p class=\"MsoNormal\">\u00a0<\/p>\n<p class=\"MsoNormal\"><strong><em>\u201c42 A\u00d1OS DE CIENCIA Y TECNOLOG\u00cdA CON SENTIDO HUMANO\u201d<\/em><\/strong><\/p>\n<p class=\"MsoNormal\"><strong><em>Departamento de Comunicaci\u00f3n y Difusi\u00f3n<\/em><\/strong><\/p>\n<p class=\"MsoNormal\"><strong><em>Instituto Tecnol\u00f3gico de Tuxtla Guti\u00e9rrez.<\/em><\/strong><\/p>\n<p class=\"MsoNormal\">\u00a0<\/p>\n","protected":false},"excerpt":{"rendered":"<p>\u2022 Ceremonia de Graduaci\u00f3n\u00a0 de la Generaci\u00f3n 2010-2014 El Instituto Tecnol\u00f3gico de Tuxtla Guti\u00e9rrez (ITTG) realiz\u00f3 el viernes 13 de marzo la ceremonia de graduaci\u00f3n de los alumnos de la generaci\u00f3n 2010-2014; que concluyeron satisfactoriamente sus estudios de licenciatura en ocho carreras de ingenier\u00eda.<\/p>\n<p><a href=\"https:\/\/www.tuxtla.tecnm.mx\/dcab\/egresan-466-jovenes-del-tec-tuxtla\/\"><span class=\"glyphicon glyphicon-arrow-right\"><\/span>&nbsp;Seguir leyendo<\/a><\/p>","protected":false},"author":1,"featured_media":1627,"comment_status":"open","ping_status":"open","sticky":false,"template":"","format":"standard","meta":{"footnotes":""},"categories":[11],"tags":[],"class_list":["post-1628","post","type-post","status-publish","format-standard","has-post-thumbnail","hentry","category-latest-news"],"_links":{"self":[{"href":"https:\/\/www.tuxtla.tecnm.mx\/dcab\/wp-json\/wp\/v2\/posts\/1628","targetHints":{"allow":["GET"]}}],"collection":[{"href":"https:\/\/www.tuxtla.tecnm.mx\/dcab\/wp-json\/wp\/v2\/posts"}],"about":[{"href":"https:\/\/www.tuxtla.tecnm.mx\/dcab\/wp-json\/wp\/v2\/types\/post"}],"author":[{"embeddable":true,"href":"https:\/\/www.tuxtla.tecnm.mx\/dcab\/wp-json\/wp\/v2\/users\/1"}],"replies":[{"embeddable":true,"href":"https:\/\/www.tuxtla.tecnm.mx\/dcab\/wp-json\/wp\/v2\/comments?post=1628"}],"version-history":[{"count":0,"href":"https:\/\/www.tuxtla.tecnm.mx\/dcab\/wp-json\/wp\/v2\/posts\/1628\/revisions"}],"wp:featuredmedia":[{"embeddable":true,"href":"https:\/\/www.tuxtla.tecnm.mx\/dcab\/wp-json\/wp\/v2\/media\/1627"}],"wp:attachment":[{"href":"https:\/\/www.tuxtla.tecnm.mx\/dcab\/wp-json\/wp\/v2\/media?parent=1628"}],"wp:term":[{"taxonomy":"category","embeddable":true,"href":"https:\/\/www.tuxtla.tecnm.mx\/dcab\/wp-json\/wp\/v2\/categories?post=1628"},{"taxonomy":"post_tag","embeddable":true,"href":"https:\/\/www.tuxtla.tecnm.mx\/dcab\/wp-json\/wp\/v2\/tags?post=1628"}],"curies":[{"name":"wp","href":"https:\/\/api.w.org\/{rel}","templated":true}]}}