{"id":1620,"date":"2015-03-10T21:16:02","date_gmt":"2015-03-10T21:16:02","guid":{"rendered":"http:\/\/wordpress.local\/2015\/03\/10\/ittg-conmemoro-el-dia-internacional-de-la-mujer\/"},"modified":"2015-03-10T21:16:02","modified_gmt":"2015-03-10T21:16:02","slug":"ittg-conmemoro-el-dia-internacional-de-la-mujer","status":"publish","type":"post","link":"https:\/\/www.tuxtla.tecnm.mx\/dcab\/ittg-conmemoro-el-dia-internacional-de-la-mujer\/","title":{"rendered":"ITTG  conmemor\u00f3 el \u201cD\u00eda Internacional  de la Mujer\u201d"},"content":{"rendered":"<p class=\"MsoNoSpacing\"><img loading=\"lazy\" decoding=\"async\" class=\" alignleft size-full wp-image-1619\" src=\"http:\/\/wordpress.local\/wp-content\/uploads\/2015\/03\/10-mujer.jpg\" border=\"0\" width=\"251\" height=\"151\" style=\"float: left;\" \/>El Instituto Tecnol\u00f3gico de Tuxtla Guti\u00e9rrez conmemor\u00f3, como cada a\u00f1o, el \u201cD\u00eda Internacional de la Mujer\u201d<span style=\"mso-spacerun: yes;\"> <\/span>el d\u00eda 10 de marzo de 2015, en la sala audiovisual del edificio \u201cD1\u201d organizado por<span style=\"mso-spacerun: yes;\"> <\/span>Igualdad de G\u00e9nero y la Delegaci\u00f3n Sindical D-V-18, con el prop\u00f3sito de exaltar el rol que vienen desempe\u00f1ando las mujeres y brindar adem\u00e1s un espacio de integraci\u00f3n y entretenimiento.<\/p>\n<p>  <!--more-->  <\/p>\n<p>\u00a0<\/p>\n<p class=\"MsoNoSpacing\" style=\"text-align: justify;\">Como parte del programa el director del instituto el M.E.H. Jos\u00e9 Luis M\u00e9ndez Navarro dirigi\u00f3 unas palabras donde hizo una remembranza;<span style=\"mso-spacerun: yes;\"> <\/span>el \u201cD\u00eda Internacional de la Mujer\u201d,<span style=\"mso-spacerun: yes;\"> <\/span>se\u00f1al\u00f3: se conmemora la lucha de la mujer por su participaci\u00f3n, en pie de igualdad con el hombre, en la sociedad y en su desarrollo \u00edntegro como persona; la primera celebraci\u00f3n del D\u00eda Internacional de la Mujer Trabajadora tuvo lugar el 19 de marzo 1911 en Alemania, Austria, Dinamarca y Suiza, y su conmemoraci\u00f3n se ha venido extendiendo, desde entonces, a numerosos pa\u00edses. En 1975 la Asamblea General de la Organizaci\u00f3n de las Naciones Unidas (ONU) declar\u00f3 el 8 de marzo como D\u00eda Internacional de la Mujer y en 1977 proclam\u00f3 el 8 de marzo como D\u00eda Internacional por los Derechos de la Mujer y la Paz Internacional.<\/p>\n<p class=\"MsoNoSpacing\" style=\"text-align: justify;\">\u201cLa mujer \u2013 dijo el Mtro. M\u00e9ndez Navarro \u2013 no ha ganado gratuitamente los lugares que hoy en d\u00eda ocupa y por los que sigue luchando. Aunque parezcan frases hechas, el d\u00eda internacional de la mujer reivindica y reconoce los derechos de las mujeres trabajadoras, a partir de un hecho tr\u00e1gico que cost\u00f3 la vida de casi un centenar y medio de obreras textiles, un 8 de marzo a principios del siglo pasado\u201d. Luego expres\u00f3 \u201cdesde la Comisaria de la Mujer y la Familia queremos homenajear a todas esas mujeres que fueron haciendo posible estos cambios y tambi\u00e9n a aquellas que lo siguen haciendo. Porque todas, cualquiera sea nuestra condici\u00f3n social, edad o profesi\u00f3n, cuando no tenemos miedos de intentar ir por nuestros objetivos, deseos y sue\u00f1os, somos luchadoras\u201d.<\/p>\n<p class=\"MsoNoSpacing\" style=\"text-align: justify;\">Al\u00a0 final pronunci\u00f3 una antigua leyenda<span style=\"mso-spacerun: yes;\"> <\/span>que dice: \u201c\u2026cuando quieras desear felicidad y convertir los deseos en realidad, susurra a una mariposa tu petici\u00f3n y entr\u00e9gale su libertad, agradecida con tu deseo volar\u00e1 y la alegr\u00eda y el amor te llegar\u00e1n\u2026\u201d\u00a1Feliz d\u00eda de la mujer!\u201d.<\/p>\n<p class=\"MsoNoSpacing\" style=\"text-align: justify;\">Se realizaron diversas actividades culturales como la intervenci\u00f3n por el grupo musical el Trio \u201cLuna Azul\u201d;<span style=\"mso-spacerun: yes;\"> <\/span>se present\u00f3 el ballet folcl\u00f3rico<span style=\"mso-spacerun: yes;\"> <\/span>del ITTG, con los cuadros \u201cEl Potrillo\u201d \u2013 Huapango, \u201cDe China a Bravo\u201d, \u201cEvangelina\u201d \u2013Polka y \u201cEl Lucero\u201d \u2013 Huapango,<span style=\"mso-spacerun: yes;\"> <\/span>que provoc\u00f3 que los presentes les brindaran numerosos aplausos.<span style=\"mso-spacerun: yes;\"> <\/span><\/p>\n<p class=\"MsoNoSpacing\" style=\"text-align: justify;\">Por su parte la compa\u00f1era Mar\u00eda Guadalupe Gil Gallegos ofreci\u00f3 una reflexi\u00f3n y palabras emotivas para no olvidar el arduo trabajo de la mujer. Fue as\u00ed como las compa\u00f1eras<span style=\"mso-spacerun: yes;\"> <\/span>del Tecnol\u00f3gico de Tuxtla disfrutaron unos bocadillos, as\u00ed como<span style=\"mso-spacerun: yes;\"> <\/span>los buenos deseos de los organizadores.<\/p>\n<p class=\"MsoNoSpacing\" style=\"text-align: justify;\">\u201c42 A\u00d1OS DE CIENCIA Y TECNOLOG\u00cdA CON SENTIDO HUMANO\u201d<\/p>\n<p class=\"MsoNoSpacing\" style=\"text-align: justify;\">Departamento de Comunicaci\u00f3n y Difusi\u00f3n<\/p>\n<p class=\"MsoNoSpacing\" style=\"text-align: justify;\">Instituto Tecnol\u00f3gico de Tuxtla Guti\u00e9rrez<\/p>\n<p>\u00a0<\/p>\n","protected":false},"excerpt":{"rendered":"<p>El Instituto Tecnol\u00f3gico de Tuxtla Guti\u00e9rrez conmemor\u00f3, como cada a\u00f1o, el \u201cD\u00eda Internacional de la Mujer\u201d el d\u00eda 10 de marzo de 2015, en la sala audiovisual del edificio \u201cD1\u201d organizado por Igualdad de G\u00e9nero y la Delegaci\u00f3n Sindical D-V-18, con el prop\u00f3sito de exaltar el rol que vienen desempe\u00f1ando las mujeres y brindar adem\u00e1s&#8230;<\/p>\n<p><a href=\"https:\/\/www.tuxtla.tecnm.mx\/dcab\/ittg-conmemoro-el-dia-internacional-de-la-mujer\/\"><span class=\"glyphicon glyphicon-arrow-right\"><\/span>&nbsp;Seguir leyendo<\/a><\/p>","protected":false},"author":1,"featured_media":1619,"comment_status":"open","ping_status":"open","sticky":false,"template":"","format":"standard","meta":{"footnotes":""},"categories":[11],"tags":[],"class_list":["post-1620","post","type-post","status-publish","format-standard","has-post-thumbnail","hentry","category-latest-news"],"_links":{"self":[{"href":"https:\/\/www.tuxtla.tecnm.mx\/dcab\/wp-json\/wp\/v2\/posts\/1620","targetHints":{"allow":["GET"]}}],"collection":[{"href":"https:\/\/www.tuxtla.tecnm.mx\/dcab\/wp-json\/wp\/v2\/posts"}],"about":[{"href":"https:\/\/www.tuxtla.tecnm.mx\/dcab\/wp-json\/wp\/v2\/types\/post"}],"author":[{"embeddable":true,"href":"https:\/\/www.tuxtla.tecnm.mx\/dcab\/wp-json\/wp\/v2\/users\/1"}],"replies":[{"embeddable":true,"href":"https:\/\/www.tuxtla.tecnm.mx\/dcab\/wp-json\/wp\/v2\/comments?post=1620"}],"version-history":[{"count":0,"href":"https:\/\/www.tuxtla.tecnm.mx\/dcab\/wp-json\/wp\/v2\/posts\/1620\/revisions"}],"wp:featuredmedia":[{"embeddable":true,"href":"https:\/\/www.tuxtla.tecnm.mx\/dcab\/wp-json\/wp\/v2\/media\/1619"}],"wp:attachment":[{"href":"https:\/\/www.tuxtla.tecnm.mx\/dcab\/wp-json\/wp\/v2\/media?parent=1620"}],"wp:term":[{"taxonomy":"category","embeddable":true,"href":"https:\/\/www.tuxtla.tecnm.mx\/dcab\/wp-json\/wp\/v2\/categories?post=1620"},{"taxonomy":"post_tag","embeddable":true,"href":"https:\/\/www.tuxtla.tecnm.mx\/dcab\/wp-json\/wp\/v2\/tags?post=1620"}],"curies":[{"name":"wp","href":"https:\/\/api.w.org\/{rel}","templated":true}]}}