{"id":1613,"date":"2015-03-06T21:34:28","date_gmt":"2015-03-06T21:34:28","guid":{"rendered":"http:\/\/wordpress.local\/2015\/03\/06\/cambios-en-la-administracion-del-ittg-2\/"},"modified":"2015-03-06T21:34:28","modified_gmt":"2015-03-06T21:34:28","slug":"cambios-en-la-administracion-del-ittg-2","status":"publish","type":"post","link":"https:\/\/www.tuxtla.tecnm.mx\/dcab\/cambios-en-la-administracion-del-ittg-2\/","title":{"rendered":"Cambios en la administraci\u00f3n del ITTG"},"content":{"rendered":"<p class=\"MsoNoSpacing\"><img loading=\"lazy\" decoding=\"async\" class=\" alignleft size-full wp-image-1612\" src=\"http:\/\/wordpress.local\/wp-content\/uploads\/2015\/03\/060315nombramientos.jpg\" border=\"0\" width=\"260\" height=\"161\" style=\"float: left;\" \/>Nuevos encargados\u00a0 de departamentos<\/p>\n<p class=\"MsoNoSpacing\" style=\"text-align: justify;\">El M.E.H. Jos\u00e9 Luis M\u00e9ndez Navarro, director del Instituto Tecnol\u00f3gico de Tuxtla Guti\u00e9rrez, entreg\u00f3 nombramientos y agradeci\u00f3 el apoyo brindado por quienes estuvieron al frente de esta responsabilidad.<\/p>\n<p class=\"MsoNoSpacing\" style=\"text-align: justify;\">\u00a0<\/p>\n<p>  <!--more-->  <\/p>\n<p class=\"MsoNoSpacing\" style=\"text-align: justify;\">Mencion\u00f3 que estos cambios son la apertura a nuevas oportunidades y responsabilidades al trabajar. Los nombramientos de los nuevos funcionarios educativos fueron dados a conocer en la reuni\u00f3n de trabajo con los directivos del ITTG, el 6 de marzo de 2015, en la sala juntas de la direcci\u00f3n, en donde el director\u00a0 los exhort\u00f3 a entregar su experiencia y capacidad profesional en beneficio de la educaci\u00f3n tecnol\u00f3gica y de Chiapas.<\/p>\n<p class=\"MsoNoSpacing\" style=\"text-align: justify;\">Ante la presencia de los subdirectores y jefes de departamento,<span style=\"mso-spacerun: yes;\"> <\/span>entreg\u00f3 las propuestas de nombramientos: la Lic. Marcela del Carmen Osorio G\u00f3mez, <span style=\"mso-spacerun: yes;\"> <\/span>encargada del Departamento de Recursos Materiales y Servicios y el Ing. Lisandro Guti\u00e9rrez Gonz\u00e1lez, <span style=\"mso-spacerun: yes;\"> <\/span>encargado del Departamento de Mantenimiento y Equipo. <span style=\"mso-spacerun: yes;\"> <\/span><\/p>\n<p class=\"MsoNoSpacing\" style=\"text-align: justify;\">Finalmente se les agradeci\u00f3 y exhort\u00f3 a poner todo su empe\u00f1o para beneficio de la instituci\u00f3n con esp\u00edritu de lucha en las tareas administrativas encomendadas a partir de esta fecha.<\/p>\n<p class=\"MsoNoSpacing\">\u201cCIENCIA Y TECNOLOG\u00cdA CON SENTIDO HUMANO\u201d<\/p>\n<p class=\"MsoNoSpacing\">Departamento de Comunicaci\u00f3n y Difusi\u00f3n<\/p>\n<p class=\"MsoNoSpacing\">Instituto Tecnol\u00f3gico de Tuxtla Guti\u00e9rrez<\/p>\n<p>\u00a0<\/p>\n","protected":false},"excerpt":{"rendered":"<p>Nuevos encargados\u00a0 de departamentos El M.E.H. Jos\u00e9 Luis M\u00e9ndez Navarro, director del Instituto Tecnol\u00f3gico de Tuxtla Guti\u00e9rrez, entreg\u00f3 nombramientos y agradeci\u00f3 el apoyo brindado por quienes estuvieron al frente de esta responsabilidad. \u00a0<\/p>\n<p><a href=\"https:\/\/www.tuxtla.tecnm.mx\/dcab\/cambios-en-la-administracion-del-ittg-2\/\"><span class=\"glyphicon glyphicon-arrow-right\"><\/span>&nbsp;Seguir leyendo<\/a><\/p>","protected":false},"author":1,"featured_media":1612,"comment_status":"open","ping_status":"open","sticky":false,"template":"","format":"standard","meta":{"footnotes":""},"categories":[11],"tags":[],"class_list":["post-1613","post","type-post","status-publish","format-standard","has-post-thumbnail","hentry","category-latest-news"],"_links":{"self":[{"href":"https:\/\/www.tuxtla.tecnm.mx\/dcab\/wp-json\/wp\/v2\/posts\/1613","targetHints":{"allow":["GET"]}}],"collection":[{"href":"https:\/\/www.tuxtla.tecnm.mx\/dcab\/wp-json\/wp\/v2\/posts"}],"about":[{"href":"https:\/\/www.tuxtla.tecnm.mx\/dcab\/wp-json\/wp\/v2\/types\/post"}],"author":[{"embeddable":true,"href":"https:\/\/www.tuxtla.tecnm.mx\/dcab\/wp-json\/wp\/v2\/users\/1"}],"replies":[{"embeddable":true,"href":"https:\/\/www.tuxtla.tecnm.mx\/dcab\/wp-json\/wp\/v2\/comments?post=1613"}],"version-history":[{"count":0,"href":"https:\/\/www.tuxtla.tecnm.mx\/dcab\/wp-json\/wp\/v2\/posts\/1613\/revisions"}],"wp:featuredmedia":[{"embeddable":true,"href":"https:\/\/www.tuxtla.tecnm.mx\/dcab\/wp-json\/wp\/v2\/media\/1612"}],"wp:attachment":[{"href":"https:\/\/www.tuxtla.tecnm.mx\/dcab\/wp-json\/wp\/v2\/media?parent=1613"}],"wp:term":[{"taxonomy":"category","embeddable":true,"href":"https:\/\/www.tuxtla.tecnm.mx\/dcab\/wp-json\/wp\/v2\/categories?post=1613"},{"taxonomy":"post_tag","embeddable":true,"href":"https:\/\/www.tuxtla.tecnm.mx\/dcab\/wp-json\/wp\/v2\/tags?post=1613"}],"curies":[{"name":"wp","href":"https:\/\/api.w.org\/{rel}","templated":true}]}}