{"id":1609,"date":"2015-03-04T23:57:11","date_gmt":"2015-03-04T23:57:11","guid":{"rendered":"http:\/\/wordpress.local\/2015\/03\/04\/invitan-a-estudiantes-para-integrarse-al-imiq\/"},"modified":"2015-03-04T23:57:11","modified_gmt":"2015-03-04T23:57:11","slug":"invitan-a-estudiantes-para-integrarse-al-imiq","status":"publish","type":"post","link":"https:\/\/www.tuxtla.tecnm.mx\/dcab\/invitan-a-estudiantes-para-integrarse-al-imiq\/","title":{"rendered":"Firman Acuerdo de Colaboraci\u00f3n"},"content":{"rendered":"<p class=\"MsoNoSpacing\"><img loading=\"lazy\" decoding=\"async\" class=\" alignleft size-full wp-image-1608\" src=\"http:\/\/wordpress.local\/wp-content\/uploads\/2015\/03\/09-acuerdo-cime.jpg\" border=\"0\" width=\"260\" height=\"177\" style=\"float: left;\" \/>Se llev\u00f3 a cabo la firma del acuerdo de colaboraci\u00f3n por parte del Instituto Tecnol\u00f3gico de Tuxtla Guti\u00e9rrez (ITTG) y el Colegio de Ingenieros Mec\u00e1nicos Electricistas del Estado de Chiapas (CIME), el 5 de marzo de 2015, a las 16:00 horas en las instalaciones del edificio de Gesti\u00f3n y Vinculaci\u00f3n.<\/p>\n<p class=\"MsoNoSpacing\">\u00a0<\/p>\n<p class=\"MsoNoSpacing\">\u00a0<\/p>\n<p>  <!--more-->  <\/p>\n<p class=\"MsoNoSpacing\" style=\"text-align: justify;\">En este acuerdo estuvieron presentes el MEH. Jos\u00e9 Luis M\u00e9ndez Navarro, Director del Instituto Tecnol\u00f3gico de Tuxtla Guti\u00e9rrez; Ing. Gustavo Nucamendi Ochoa, Presidente del XIII Consejo Directivo del Colegio de Mec\u00e1nicos Electricista; M.C. Roberto David V\u00e1zquez Sol\u00eds,<span style=\"mso-spacerun: yes;\"> <\/span>Subdirector Acad\u00e9mico del ITTG; <span style=\"mso-spacerun: yes;\"> <\/span>el Ing. Rodrigo Ferrer Gonz\u00e1lez, Subdirector de Planeaci\u00f3n y Vinculaci\u00f3n del ITTG; el Ing. Jos\u00e9 Luis Baca Galicia, Secretario y el Ing. Juan Jos\u00e9 Morales Mart\u00ednez, Coordinador de la Comisi\u00f3n de Capacitaci\u00f3n<span style=\"mso-spacerun: yes;\"> <\/span>del CIME.<\/p>\n<p class=\"MsoNoSpacing\" style=\"text-align: justify;\">As\u00ed como tambi\u00e9n el Ing. Abraham Ocampo Sol\u00f3rzano, Presidente de la Academia de Ingenier\u00eda El\u00e9ctrica; Ing. Mario Toledo Mart\u00ednez, Presidente de la Academia de Ingenier\u00eda Mec\u00e1nica; Ing. Luis Alberto P\u00e9rez Lozano, jefe departamento de Ing. El\u00e9ctrica y Electr\u00f3nica; Ing. Jos\u00e9 Manuel Rasgado Bezares, jefe del departamento de Metal-Mec\u00e1nica y el Lic. Higinio Garc\u00eda Mendoza, jefe del departamento de Gesti\u00f3n Tecnol\u00f3gica y Vinculaci\u00f3n todos ellos<span style=\"mso-spacerun: yes;\"> <\/span>forman parte del ITTG.<\/p>\n<p class=\"MsoNoSpacing\" style=\"text-align: justify;\">El MEH. M\u00e9ndez Navarro dirigi\u00f3 unas palabras en la ceremonia donde indic\u00f3: el objetivo de establecer <span style=\"mso-spacerun: yes;\"> <\/span>bases generales de participaci\u00f3n entre ambas; dentro de los acuerdos establecidos durante la firma destacan desarrollar acciones conjuntas dentro de su \u00e1mbito de competencia para la elaboraci\u00f3n e instrumentaci\u00f3n de proyectos integrales y el desarrollo de acciones de capacitaci\u00f3n t\u00e9cnica especializada, donde el instituto se\u00a0 caracteriza por impulsar una Educaci\u00f3n Tecnol\u00f3gica de Calidad.<\/p>\n<p class=\"MsoNoSpacing\" style=\"text-align: justify;\">Por parte del CIME el Ing. Gustavo Nucamendi Ochoa, Presidente del XIII Consejo Directivo del Colegio, se\u00f1al\u00f3: \u201cEl Colegio de Ingenieros Mec\u00e1nicos y Electricistas es una Organizaci\u00f3n Gremial constituida de conformidad con la Ley de Profesiones que tiene a su cargo promover la superaci\u00f3n profesional, cient\u00edfica, t\u00e9cnica, econ\u00f3mica, social y cultural de los Ingenieros de la especialidad. Ejerce la representaci\u00f3n legal de los Ingenieros Mec\u00e1nicos, Electricistas, de Telecomunicaciones, de Tecnolog\u00edas de la Informaci\u00f3n, de Electr\u00f3nica y de ramas afines en M\u00e9xico\u201d.<\/p>\n<p class=\"MsoNoSpacing\" style=\"text-align: justify;\">Al concluir su intervenci\u00f3n se procedi\u00f3 a la firma correspondiente.<\/p>\n<p class=\"MsoNoSpacing\" style=\"text-align: justify;\"><strong style=\"mso-bidi-font-weight: normal;\">\u201c42 A\u00d1OS DE CIENCIA Y TECNOLOG\u00cdA CON SENTIDO HUMANO\u201d<\/strong><\/p>\n<p class=\"MsoNoSpacing\" style=\"text-align: justify;\"><strong style=\"mso-bidi-font-weight: normal;\">Departamento de Comunicaci\u00f3n y Difusi\u00f3n<\/strong><\/p>\n<p class=\"MsoNoSpacing\" style=\"text-align: justify;\"><strong style=\"mso-bidi-font-weight: normal;\">Instituto Tecnol\u00f3gico de Tuxtla Guti\u00e9rrez.<\/strong><\/p>\n<p class=\"MsoNoSpacing\" style=\"text-align: justify;\"><strong style=\"mso-bidi-font-weight: normal;\"> <\/strong><\/p>\n<p class=\"MsoNoSpacing\" style=\"text-align: justify;\"><strong style=\"mso-bidi-font-weight: normal;\"> <\/strong><\/p>\n<p class=\"MsoNoSpacing\" style=\"text-align: justify;\"><strong style=\"mso-bidi-font-weight: normal;\"> <\/strong><\/p>\n<p>\u00a0<\/p>\n<p class=\"MsoNormal\">\u00a0<\/p>\n<p><strong style=\"mso-bidi-font-weight: normal;\"><em style=\"mso-bidi-font-style: normal;\"><span style=\"font-size: 12.0pt; font-family: \"> <\/span><\/em><\/strong><span style=\"font-size: 12.0pt; font-family: \"> <\/span><\/p>\n<p>\u00a0<\/p>\n","protected":false},"excerpt":{"rendered":"<p>Se llev\u00f3 a cabo la firma del acuerdo de colaboraci\u00f3n por parte del Instituto Tecnol\u00f3gico de Tuxtla Guti\u00e9rrez (ITTG) y el Colegio de Ingenieros Mec\u00e1nicos Electricistas del Estado de Chiapas (CIME), el 5 de marzo de 2015, a las 16:00 horas en las instalaciones del edificio de Gesti\u00f3n y Vinculaci\u00f3n. \u00a0 \u00a0<\/p>\n<p><a href=\"https:\/\/www.tuxtla.tecnm.mx\/dcab\/invitan-a-estudiantes-para-integrarse-al-imiq\/\"><span class=\"glyphicon glyphicon-arrow-right\"><\/span>&nbsp;Seguir leyendo<\/a><\/p>","protected":false},"author":1,"featured_media":1608,"comment_status":"open","ping_status":"open","sticky":false,"template":"","format":"standard","meta":{"footnotes":""},"categories":[11],"tags":[],"class_list":["post-1609","post","type-post","status-publish","format-standard","has-post-thumbnail","hentry","category-latest-news"],"_links":{"self":[{"href":"https:\/\/www.tuxtla.tecnm.mx\/dcab\/wp-json\/wp\/v2\/posts\/1609","targetHints":{"allow":["GET"]}}],"collection":[{"href":"https:\/\/www.tuxtla.tecnm.mx\/dcab\/wp-json\/wp\/v2\/posts"}],"about":[{"href":"https:\/\/www.tuxtla.tecnm.mx\/dcab\/wp-json\/wp\/v2\/types\/post"}],"author":[{"embeddable":true,"href":"https:\/\/www.tuxtla.tecnm.mx\/dcab\/wp-json\/wp\/v2\/users\/1"}],"replies":[{"embeddable":true,"href":"https:\/\/www.tuxtla.tecnm.mx\/dcab\/wp-json\/wp\/v2\/comments?post=1609"}],"version-history":[{"count":0,"href":"https:\/\/www.tuxtla.tecnm.mx\/dcab\/wp-json\/wp\/v2\/posts\/1609\/revisions"}],"wp:featuredmedia":[{"embeddable":true,"href":"https:\/\/www.tuxtla.tecnm.mx\/dcab\/wp-json\/wp\/v2\/media\/1608"}],"wp:attachment":[{"href":"https:\/\/www.tuxtla.tecnm.mx\/dcab\/wp-json\/wp\/v2\/media?parent=1609"}],"wp:term":[{"taxonomy":"category","embeddable":true,"href":"https:\/\/www.tuxtla.tecnm.mx\/dcab\/wp-json\/wp\/v2\/categories?post=1609"},{"taxonomy":"post_tag","embeddable":true,"href":"https:\/\/www.tuxtla.tecnm.mx\/dcab\/wp-json\/wp\/v2\/tags?post=1609"}],"curies":[{"name":"wp","href":"https:\/\/api.w.org\/{rel}","templated":true}]}}