{"id":11627,"date":"2021-08-17T14:35:55","date_gmt":"2021-08-17T19:35:55","guid":{"rendered":"https:\/\/www.tuxtla.tecnm.mx\/?p=11627"},"modified":"2021-12-16T23:40:46","modified_gmt":"2021-12-17T04:40:46","slug":"tec-de-tuxtla-e-ineval-firman-convenio-de-colaboracion","status":"publish","type":"post","link":"https:\/\/www.tuxtla.tecnm.mx\/dcab\/tec-de-tuxtla-e-ineval-firman-convenio-de-colaboracion\/","title":{"rendered":"Tec de Tuxtla e INEVAL firman convenio de colaboraci\u00f3n"},"content":{"rendered":"\n<div class=\"wp-block-image\"><figure class=\"aligncenter size-large is-resized\"><img decoding=\"async\" src=\"https:\/\/www.tuxtla.tecnm.mx\/wp-content\/uploads\/2021\/08\/portada_ConvenioINEVAL.jpg\" alt=\"\" class=\"wp-image-11621\" width=\"320\"\/><\/figure><\/div>\n\n\n\n<p class=\"wp-block-paragraph\">Con el fin de fortalecer la calidad en los\nprocesos educativos, tanto de evaluaci\u00f3n como de innovaci\u00f3n, el d\u00eda de hoy\nmartes 17 de agosto se llev\u00f3 a cabo la <strong>Firma de Convenio de Colaboraci\u00f3n\nentre el TecNM campus Tuxtla Guti\u00e9rrez y el INEVAL<\/strong> (Instituto de Evaluaci\u00f3n\ne Innovaci\u00f3n Educativa).<\/p>\n\n\n\n<!--more-->\n\n\n\n<p class=\"wp-block-paragraph\">La firma de este convenio <strong>contribuir\u00e1 en la\nevaluaci\u00f3n de una manera eficiente, integral y equitativa de los procesos y\nresultados en el desempe\u00f1o educativo del Instituto.<\/strong> El prop\u00f3sito de este\ntipo de evaluaci\u00f3n es el de dise\u00f1ar y proponer programas, proyectos,\nestrategias y acciones de mejora, enfocadas en el fortalecimiento de la calidad\neducativa.<\/p>\n\n\n\n<div class=\"wp-block-image\"><figure class=\"aligncenter size-large is-resized\"><img decoding=\"async\" src=\"https:\/\/www.tuxtla.tecnm.mx\/wp-content\/uploads\/2021\/08\/ConvenioINEVAL_05.jpg\" alt=\"\" class=\"wp-image-11626\" width=\"580\"\/><\/figure><\/div>\n\n\n\n<p class=\"wp-block-paragraph\">En este evento, la presentaci\u00f3n del Convenio\nSE-TEC-REGIONAL-INEVAL estuvo a cargo del <strong>Mtro. Jos\u00e9 Manuel Rosado P\u00e9rez<\/strong>,\nDirector del TecNM campus Tuxtla Guti\u00e9rrez, quien reconoci\u00f3 al <strong>INEVAL<\/strong> por\nel seguimiento puntual en la evaluaci\u00f3n de todos los niveles en Chiapas que\npermite tomar estrategias y retroalimentaci\u00f3n, as\u00ed tambi\u00e9n a la <strong>Secretar\u00eda\nde Educaci\u00f3n<\/strong> por el inter\u00e9s de unificar cada \u00e1rea educativa en busca de\nmejorar sus condiciones.<\/p>\n\n\n\n<div class=\"wp-block-image\"><figure class=\"aligncenter size-large is-resized\"><img decoding=\"async\" src=\"https:\/\/www.tuxtla.tecnm.mx\/wp-content\/uploads\/2021\/08\/ConvenioINEVAL_02.jpg\" alt=\"\" class=\"wp-image-11623\" width=\"580\"\/><\/figure><\/div>\n\n\n\n<p class=\"wp-block-paragraph\"><em>\u201cComo educadores una de las tareas m\u00e1s\nimportantes en la educaci\u00f3n es la evaluaci\u00f3n. En el caso de nosotros, ha sido\nuna meta a lo largo de muchos a\u00f1os, lograr que nuestros institutos se\nposicionen a trav\u00e9s de los procesos de acreditaci\u00f3n de carreras, que finalmente\nes un proceso de evaluaci\u00f3n; pues no se puede mejorar aquello que no se mide\u201d <\/em>comparti\u00f3 el director del Instituto durante su mensaje en el evento.<\/p>\n\n\n\n<p class=\"wp-block-paragraph\">El Tecnol\u00f3gico ha sido un referente en\ndiversas \u00e1reas de oportunidad en la que se ha involucrado para <strong>crecer e\ninnovar<\/strong> y de esta manera <strong>transformar ideales en beneficio de su\ncomunidad universitaria.<\/strong><\/p>\n\n\n\n<div class=\"wp-block-image\"><figure class=\"aligncenter size-large is-resized\"><img decoding=\"async\" src=\"https:\/\/www.tuxtla.tecnm.mx\/wp-content\/uploads\/2021\/08\/ConvenioINEVAL_04.jpg\" alt=\"\" class=\"wp-image-11625\" width=\"580\"\/><\/figure><\/div>\n\n\n\n<p class=\"wp-block-paragraph\">Por su parte, el <strong>Ing. Roberto David V\u00e1zquez\nSol\u00eds<\/strong>, Director General del INEVAL, detall\u00f3 que como Instituto buscan evaluar\nla calidad del Sistema Educativo Estatal con respecto al desempe\u00f1o de los\nactores, procesos y resultados, para <strong>asegurar y garantizar la credibilidad y\nlegitimidad de todas sus funciones<\/strong>; atendiendo en particular la\npertinencia, relevancia, confiabilidad y validez en todas sus dimensiones.<\/p>\n\n\n\n<p class=\"wp-block-paragraph\"><em>\u201cEste convenio entorno a la mejora del\nSistema Educativo Estatal trae como premisa poder establecer lazos de trabajo y\ncolaboraci\u00f3n, que el TecNM a nivel nacional nos ha impulsado y est\u00e1\ndesarrollando. En este caso a trav\u00e9s del Tecnol\u00f3gico y del INEVAL se propone una\ncolaboraci\u00f3n para que el trabajo de la federaci\u00f3n y del estado se vean\nfortalecidos en beneficio de la educaci\u00f3n\u201d <\/em>afirm\u00f3 <strong>V\u00e1zquez\nSol\u00eds.<\/strong><\/p>\n\n\n\n<div class=\"wp-block-image\"><figure class=\"aligncenter size-large is-resized\"><img decoding=\"async\" src=\"https:\/\/www.tuxtla.tecnm.mx\/wp-content\/uploads\/2021\/08\/ConvenioINEVAL_01.jpg\" alt=\"\" class=\"wp-image-11622\" width=\"580\"\/><\/figure><\/div>\n\n\n\n<p class=\"wp-block-paragraph\">Durante la firma se tuvo como testigo a la <strong>Mtra. Rosa Aid\u00e9 Dom\u00ednguez Ochoa<\/strong>, Secretaria de Educaci\u00f3n en Chiapas, as\u00ed tambi\u00e9n se cont\u00f3 con la presencia del <strong>Dr. Jos\u00e9 Luis Hern\u00e1ndez de Le\u00f3n<\/strong>, Subsecretario de Educaci\u00f3n Federalizada; <strong>Dr. Antonio Magdiel Vel\u00e1zquez M\u00e9ndez<\/strong>, Subsecretario de Educaci\u00f3n Estatal; <strong>Dr. Jos\u00e9 Francisco Oliva G\u00f3mez<\/strong>, Subsecretario de Planeaci\u00f3n Educativa; <strong>Mtra. X\u00f3chitl Clemente Parra<\/strong>, Directora de Educaci\u00f3n Superior; y <strong>Mtra. Alondra Guadalupe Pereyra Moreno<\/strong>, Directora de Calidad e Innovaci\u00f3n Educativa.<\/p>\n\n\n\n<p class=\"wp-block-paragraph\">Por parte del INEVAL estuvieron presentes el <strong>Dr. Miguel \u00c1ngel Dom\u00ednguez Gonz\u00e1lez<\/strong>, Director de Evaluaci\u00f3n Educativa del INEVAL y <strong>C.P. Jorge Alberto Hern\u00e1ndez Flores<\/strong>, Delegado del INEVAL.<\/p>\n\n\n\n<p class=\"wp-block-paragraph\">Mientras que por parte del TecNM campus Tuxtla Guti\u00e9rrez, estuvieron presentes la <strong>Lic. Guillermina Pe\u00f1a Padilla<\/strong>, Subdirectora de Servicios Administrativos; <strong>Ing. Carolina Cueto Dom\u00ednguez<\/strong>, Jefa del Departamento de Gesti\u00f3n Tecnol\u00f3gica y Vinculaci\u00f3n; <strong>Mtro. Jos\u00e9 \u00c1ngel Zepeda Hern\u00e1ndez<\/strong>, Subdirector Acad\u00e9mico; y <strong>Mtra. Alba Mercedes Mijangos Oceguera<\/strong>, de la Cordinaci\u00f3n de Educaci\u00f3n a Distancia.<\/p>\n\n\n\n<p class=\"wp-block-paragraph\"><em><strong>\u201cCiencia y Tecnolog\u00eda con Sentido Humano\u201d<\/strong><\/em><br>Departamento de Comunicaci\u00f3n y Difusi\u00f3n<br>TecNM campus Tuxtla Guti\u00e9rrez <\/p>\n","protected":false},"excerpt":{"rendered":"<p>Con el fin de fortalecer la calidad en los procesos educativos, tanto de evaluaci\u00f3n como de innovaci\u00f3n, el d\u00eda de hoy martes 17 de agosto se llev\u00f3 a cabo la Firma de Convenio de Colaboraci\u00f3n entre el TecNM campus Tuxtla Guti\u00e9rrez y el INEVAL (Instituto de Evaluaci\u00f3n e Innovaci\u00f3n Educativa).<\/p>\n<p><a href=\"https:\/\/www.tuxtla.tecnm.mx\/dcab\/tec-de-tuxtla-e-ineval-firman-convenio-de-colaboracion\/\"><span class=\"glyphicon glyphicon-arrow-right\"><\/span>&nbsp;Seguir leyendo<\/a><\/p>","protected":false},"author":2,"featured_media":0,"comment_status":"closed","ping_status":"open","sticky":false,"template":"","format":"standard","meta":{"footnotes":""},"categories":[54],"tags":[],"class_list":["post-11627","post","type-post","status-publish","format-standard","hentry","category-vinculacion"],"_links":{"self":[{"href":"https:\/\/www.tuxtla.tecnm.mx\/dcab\/wp-json\/wp\/v2\/posts\/11627","targetHints":{"allow":["GET"]}}],"collection":[{"href":"https:\/\/www.tuxtla.tecnm.mx\/dcab\/wp-json\/wp\/v2\/posts"}],"about":[{"href":"https:\/\/www.tuxtla.tecnm.mx\/dcab\/wp-json\/wp\/v2\/types\/post"}],"author":[{"embeddable":true,"href":"https:\/\/www.tuxtla.tecnm.mx\/dcab\/wp-json\/wp\/v2\/users\/2"}],"replies":[{"embeddable":true,"href":"https:\/\/www.tuxtla.tecnm.mx\/dcab\/wp-json\/wp\/v2\/comments?post=11627"}],"version-history":[{"count":3,"href":"https:\/\/www.tuxtla.tecnm.mx\/dcab\/wp-json\/wp\/v2\/posts\/11627\/revisions"}],"predecessor-version":[{"id":11636,"href":"https:\/\/www.tuxtla.tecnm.mx\/dcab\/wp-json\/wp\/v2\/posts\/11627\/revisions\/11636"}],"wp:attachment":[{"href":"https:\/\/www.tuxtla.tecnm.mx\/dcab\/wp-json\/wp\/v2\/media?parent=11627"}],"wp:term":[{"taxonomy":"category","embeddable":true,"href":"https:\/\/www.tuxtla.tecnm.mx\/dcab\/wp-json\/wp\/v2\/categories?post=11627"},{"taxonomy":"post_tag","embeddable":true,"href":"https:\/\/www.tuxtla.tecnm.mx\/dcab\/wp-json\/wp\/v2\/tags?post=11627"}],"curies":[{"name":"wp","href":"https:\/\/api.w.org\/{rel}","templated":true}]}}