{"id":10737,"date":"2021-04-22T18:12:37","date_gmt":"2021-04-22T23:12:37","guid":{"rendered":"https:\/\/www.tuxtla.tecnm.mx\/?p=10737"},"modified":"2022-01-04T10:48:16","modified_gmt":"2022-01-04T15:48:16","slug":"tecnm-promueve-el-cuidado-ambiental","status":"publish","type":"post","link":"https:\/\/www.tuxtla.tecnm.mx\/dcab\/tecnm-promueve-el-cuidado-ambiental\/","title":{"rendered":"TecNM promueve el cuidado ambiental"},"content":{"rendered":"\n<div class=\"wp-block-image\"><figure class=\"aligncenter size-large is-resized\"><img decoding=\"async\" src=\"https:\/\/www.tuxtla.tecnm.mx\/wp-content\/uploads\/2021\/04\/portada_MedioAmbiente2.jpg\" alt=\"\" class=\"wp-image-10740\" width=\"320\"\/><\/figure><\/div>\n\n\n\n<p class=\"wp-block-paragraph\">En el D\u00eda Internacional de la Madre Tierra es importante generar conciencia respecto al cuidado del Medio Ambiente, y las consecuencias del cambio clim\u00e1tico provocados por el hombre en la naturaleza.<\/p>\n\n\n\n<!--more-->\n\n\n\n<p class=\"wp-block-paragraph\"><strong>Jos\u00e9 Humberto Casta\u00f1\u00f3n Gonzales<\/strong>,\ndocente e investigador del Departamento de Qu\u00edmica y Bioqu\u00edmica del TecNM\ncampus Tuxtla Guti\u00e9rrez, enfatiz\u00f3 que muchos problemas que hab\u00edan estado\nimpactando a la Tierra, disminuyeron temporalmente con la pandemia, ya que el\nconfinamiento permiti\u00f3 que la tierra se diera un respiro.<\/p>\n\n\n\n<figure class=\"wp-block-image size-large is-resized\"><img decoding=\"async\" src=\"https:\/\/www.tuxtla.tecnm.mx\/wp-content\/uploads\/2021\/04\/HumbertoCastanon.jpg\" alt=\"\" class=\"wp-image-10739\" width=\"500\"\/><figcaption> Jos\u00e9 Humberto Casta\u00f1\u00f3n Gonz\u00e1lez<\/figcaption><\/figure>\n\n\n\n<p class=\"wp-block-paragraph\"><em>\u201cEn el departamento de investigaci\u00f3n del Tec de Tuxtla, hemos continuado trabajando en el \u00e1rea ambiental; en la \u00faltima visita de monitoreo, detectamos que en los Lagos de Montebello se pudo percibir un aumento del n\u00famero de peces y observamos la llegada de aves migratorias que anteriormente no pasaban por ah\u00ed. Se observaron muchas aves y una culebra en el agua, los pobladores mencionaron el avistamiento de una nutria en la Laguna Bosque Azul\u201d<\/em> comparte <strong>Jos\u00e9 Humberto Casta\u00f1\u00f3n.<\/strong><\/p>\n\n\n\n<div class=\"wp-block-image\"><figure class=\"aligncenter size-large is-resized\"><img decoding=\"async\" src=\"https:\/\/www.tuxtla.tecnm.mx\/wp-content\/uploads\/2021\/04\/MedioAmbiente04.jpeg\" alt=\"\" class=\"wp-image-10734\" width=\"580\"\/><\/figure><\/div>\n\n\n\n<p class=\"wp-block-paragraph\">La deforestaci\u00f3n, el cambio de uso del suelo, la producci\u00f3n agr\u00edcola y ganadera intensiva o el creciente comercio ilegal de vida silvestre, derivaron no s\u00f3lo en la <strong>destrucci\u00f3n sistem\u00e1tica de nuestra biodiversidad<\/strong>, sino tambi\u00e9n en la transmisi\u00f3n de enfermedades infecciosas de animales a humanos que antes no fueron tan da\u00f1inas.<\/p>\n\n\n\n<div class=\"wp-block-image\"><figure class=\"aligncenter size-large is-resized\"><img decoding=\"async\" src=\"https:\/\/www.tuxtla.tecnm.mx\/wp-content\/uploads\/2021\/04\/MedioAmbiente06.jpeg\" alt=\"\" class=\"wp-image-10736\" width=\"580\"\/><\/figure><\/div>\n\n\n\n<p class=\"wp-block-paragraph\">El\ndocente e Investigador insta a la poblaci\u00f3n a tomar conciencia sobre <strong>las acciones que debemos emprender para\nayudar a la tierra a seguir recuper\u00e1ndose.<\/strong><\/p>\n\n\n\n<p class=\"wp-block-paragraph\">Adoptar medidas para reducir la contaminaci\u00f3n ambiental, disminuir el uso de bolsas de pl\u00e1stico, usar la bicicleta con mayor frecuencia, disminuir el uso de autom\u00f3viles, desconectar aparatos que no estemos usando, utilizar bolsas reutilizables para el s\u00faper y cargar nuestro recipiente para agua. <strong>Desde el 2019 el Instituto Tecnol\u00f3gico de Tuxtla Guti\u00e9rrez, tiene el programa activo de cero pl\u00e1sticos de un solo uso.<\/strong><\/p>\n\n\n\n<div class=\"wp-block-image\"><figure class=\"aligncenter size-large is-resized\"><img decoding=\"async\" src=\"https:\/\/www.tuxtla.tecnm.mx\/wp-content\/uploads\/2021\/04\/MedioAmbiente03.jpeg\" alt=\"\" class=\"wp-image-10733\" width=\"580\"\/><\/figure><\/div>\n\n\n\n<p class=\"wp-block-paragraph\"><em>\u201cCon estas acciones aminoramos nuestra huella de carbono. Lo m\u00e1s importante es que a\u00fan estamos a tiempo de poder bajar el incremento de la temperatura presente a nivel global. Una de las acciones m\u00e1s importantes que podemos implementar en nuestra localidad es la reforestaci\u00f3n, que va desde la siembra de un arbolito, hasta el cuidado y conservaci\u00f3n de nuestros bosques y selvas\u201d<\/em> concluy\u00f3 <strong>Humberto Casta\u00f1\u00f3n. <\/strong><\/p>\n\n\n\n<div class=\"wp-block-image\"><figure class=\"aligncenter size-large is-resized\"><img decoding=\"async\" src=\"https:\/\/www.tuxtla.tecnm.mx\/wp-content\/uploads\/2021\/04\/MedioAmbiente05.jpeg\" alt=\"\" class=\"wp-image-10735\" width=\"580\"\/><\/figure><\/div>\n\n\n\n<p class=\"wp-block-paragraph\">                                                                  <br><em><strong>\u00abCiencia y Tecnolog\u00eda con Sentido Humano\u00bb<\/strong><\/em><br>Departamento de Comunicaci\u00f3n y Difusi\u00f3n<br>TecNM campus Tuxtla Guti\u00e9rrez  <\/p>\n","protected":false},"excerpt":{"rendered":"<p>En el D\u00eda Internacional de la Madre Tierra es importante generar conciencia respecto al cuidado del Medio Ambiente, y las consecuencias del cambio clim\u00e1tico provocados por el hombre en la naturaleza.<\/p>\n<p><a href=\"https:\/\/www.tuxtla.tecnm.mx\/dcab\/tecnm-promueve-el-cuidado-ambiental\/\"><span class=\"glyphicon glyphicon-arrow-right\"><\/span>&nbsp;Seguir leyendo<\/a><\/p>","protected":false},"author":2,"featured_media":0,"comment_status":"closed","ping_status":"open","sticky":false,"template":"","format":"standard","meta":{"footnotes":""},"categories":[53],"tags":[],"class_list":["post-10737","post","type-post","status-publish","format-standard","hentry","category-sga"],"_links":{"self":[{"href":"https:\/\/www.tuxtla.tecnm.mx\/dcab\/wp-json\/wp\/v2\/posts\/10737","targetHints":{"allow":["GET"]}}],"collection":[{"href":"https:\/\/www.tuxtla.tecnm.mx\/dcab\/wp-json\/wp\/v2\/posts"}],"about":[{"href":"https:\/\/www.tuxtla.tecnm.mx\/dcab\/wp-json\/wp\/v2\/types\/post"}],"author":[{"embeddable":true,"href":"https:\/\/www.tuxtla.tecnm.mx\/dcab\/wp-json\/wp\/v2\/users\/2"}],"replies":[{"embeddable":true,"href":"https:\/\/www.tuxtla.tecnm.mx\/dcab\/wp-json\/wp\/v2\/comments?post=10737"}],"version-history":[{"count":4,"href":"https:\/\/www.tuxtla.tecnm.mx\/dcab\/wp-json\/wp\/v2\/posts\/10737\/revisions"}],"predecessor-version":[{"id":10743,"href":"https:\/\/www.tuxtla.tecnm.mx\/dcab\/wp-json\/wp\/v2\/posts\/10737\/revisions\/10743"}],"wp:attachment":[{"href":"https:\/\/www.tuxtla.tecnm.mx\/dcab\/wp-json\/wp\/v2\/media?parent=10737"}],"wp:term":[{"taxonomy":"category","embeddable":true,"href":"https:\/\/www.tuxtla.tecnm.mx\/dcab\/wp-json\/wp\/v2\/categories?post=10737"},{"taxonomy":"post_tag","embeddable":true,"href":"https:\/\/www.tuxtla.tecnm.mx\/dcab\/wp-json\/wp\/v2\/tags?post=10737"}],"curies":[{"name":"wp","href":"https:\/\/api.w.org\/{rel}","templated":true}]}}